{"id":10426,"date":"2018-03-30T09:25:43","date_gmt":"2018-03-30T09:25:43","guid":{"rendered":"https:\/\/mobinteg.com\/secretaria-de-estado-turismo-conhece-o-projeto-smiity\/"},"modified":"2022-06-03T11:35:22","modified_gmt":"2022-06-03T11:35:22","slug":"tabua-proximo-destino-smiity","status":"publish","type":"post","link":"https:\/\/mobinteg.com\/pt-pt\/tabua-proximo-destino-smiity\/","title":{"rendered":"T\u00e1bua \u00e9 o pr\u00f3ximo destino SMIITY"},"content":{"rendered":"<p>[et_pb_section fb_built=&#8221;1&#8243; admin_label=&#8221;Header&#8221; module_class=&#8221;general-header&#8221; _builder_version=&#8221;4.17.3&#8243; _module_preset=&#8221;default&#8221; background_image=&#8221;https:\/\/mobinteg.com\/wp-content\/uploads\/2022\/05\/video-frame.png&#8221; background_enable_video_mp4=&#8221;off&#8221; custom_css_after=&#8221;content: %22%22;||display: block;||position: absolute;||top: 0;||left: 0;||width: 100%;||height: 100%;||background-color: rgba(0,153,255,0.4);||z-index: 1;&#8221; global_module=&#8221;9872&#8243; locked=&#8221;off&#8221; global_colors_info=&#8221;{}&#8221;][et_pb_row _builder_version=&#8221;4.17.3&#8243; _module_preset=&#8221;default&#8221; global_colors_info=&#8221;{}&#8221;][et_pb_column type=&#8221;4_4&#8243; _builder_version=&#8221;4.17.3&#8243; _module_preset=&#8221;default&#8221; global_colors_info=&#8221;{}&#8221;][et_pb_text _builder_version=&#8221;4.17.4&#8243; _dynamic_attributes=&#8221;content&#8221; _module_preset=&#8221;default&#8221; text_font=&#8221;Montserrat|800|||||||&#8221; text_text_color=&#8221;#FFFFFF&#8221; header_font=&#8221;|800|||||||&#8221; header_text_color=&#8221;#FFFFFF&#8221; custom_padding=&#8221;100px||100px||true|false&#8221; global_colors_info=&#8221;{}&#8221;]@ET-DC@eyJkeW5hbWljIjp0cnVlLCJjb250ZW50IjoicG9zdF90aXRsZSIsInNldHRpbmdzIjp7ImJlZm9yZSI6IiIsImFmdGVyIjoiIn19@[\/et_pb_text][et_pb_text _builder_version=&#8221;4.17.4&#8243; _module_preset=&#8221;8ab12279-bc26-4c75-8b0f-a03a38da1c3f&#8221; locked=&#8221;off&#8221; global_colors_info=&#8221;{}&#8221;]<\/p>\n<p>The conference took place last April at the Lisbon Congress Centre.<\/p>\n<p>Among Municipalities, brands and start-ups, all converged in the will to show projects that are expected to be winners with regard to the Smart Cities theme.<\/p>\n<p>In an event attended by the Municipalities of Abrantes, \u00c1gueda, Albufeira, Braga, Bragan\u00e7a, Cascais, Castelo Branco, Fund\u00e3o, Guimar\u00e3es, Lisboa, Loures, Oeiras, Seixal, Sintra, Torres Vedras and Viseu, SMIITY was also present to show its solution to the thousands of visitors that attended the conference.<\/p>\n<p>The Lisbon City Hall, in partnership with Universidade Nova de Lisboa, took the opportunity to present the site and application Lisboa Inteligente, developed by mobinteg &#8211; <a href=\"https:\/\/lisboainteligente.cm-lisboa.pt\/\" target=\"_blank\" rel=\"noopener\">visit website<\/a>; <a href=\"https:\/\/itunes.apple.com\/us\/app\/lisboa-inteligente\/id1367482529?mt=8\" target=\"_blank\" rel=\"noopener\">visit Appple Store<\/a>; <a href=\"https:\/\/play.google.com\/store\/apps\/details?id=com.mobishout.lisboainteligente\" target=\"_blank\" rel=\"noopener\">visit Google Play Store<\/a>.<\/p>\n<p>[\/et_pb_text][\/et_pb_column][\/et_pb_row][\/et_pb_section][et_pb_section fb_built=&#8221;1&#8243; _builder_version=&#8221;4.17.3&#8243; _module_preset=&#8221;default&#8221; global_colors_info=&#8221;{}&#8221;][et_pb_row column_structure=&#8221;1_2,1_2&#8243; _builder_version=&#8221;4.17.4&#8243; _module_preset=&#8221;default&#8221; custom_css_main_element=&#8221;  display: flex;||  align-items: center;||  justify-content: center;&#8221; global_colors_info=&#8221;{}&#8221; custom_css_main_element_last_edited=&#8221;on|tablet&#8221; custom_css_main_element_tablet=&#8221;display:block;&#8221; custom_css_main_element_phone=&#8221;display:block;&#8221;][et_pb_column type=&#8221;1_2&#8243; _builder_version=&#8221;4.17.3&#8243; _module_preset=&#8221;default&#8221; global_colors_info=&#8221;{}&#8221;][et_pb_text _builder_version=&#8221;4.17.3&#8243; _module_preset=&#8221;8ab12279-bc26-4c75-8b0f-a03a38da1c3f&#8221; global_colors_info=&#8221;{}&#8221;]<\/p>\n<p>No dia 26 de Mar\u00e7o, o Munic\u00edpio de T\u00e1bua apresentou publicamente a sua estrat\u00e9gia para o Turismo, num evento que contou com a presen\u00e7a do Secret\u00e1rio de Estado do Turismo.<\/p>\n<p>Esta apresenta\u00e7\u00e3o abordou os v\u00e1rios projectos e investimentos que a C\u00e2mara Municipal de T\u00e1bua est\u00e1 a realizar para promover o Turismo como um eixo estrat\u00e9gico no seu munic\u00edpio, do qual destacamos a moderniza\u00e7\u00e3o das redes wifi e a implementa\u00e7\u00e3o de dispositivos bluetooth para interac\u00e7\u00e3o com o centro hist\u00f3rico da cidade, e a plataforma SMIITY.<\/p>\n<p>Com esta implementa\u00e7\u00e3o, a SMIITY pode ajudar n\u00e3o s\u00f3 os habitantes locais mas tamb\u00e9m os turistas a aceder a conte\u00fados multim\u00e9dia e a informa\u00e7\u00f5es relevantes sobre o munic\u00edpio de T\u00e1bua.<\/p>\n<p>[\/et_pb_text][\/et_pb_column][et_pb_column type=&#8221;1_2&#8243; _builder_version=&#8221;4.17.3&#8243; _module_preset=&#8221;default&#8221; global_colors_info=&#8221;{}&#8221;][et_pb_image src=&#8221;https:\/\/mobinteg.com\/wp-content\/uploads\/2018\/04\/t\u00e1bua.jpg&#8221; title_text=&#8221;t\u00e1bua&#8221; force_fullwidth=&#8221;on&#8221; _builder_version=&#8221;4.17.3&#8243; _module_preset=&#8221;default&#8221; global_colors_info=&#8221;{}&#8221;][\/et_pb_image][\/et_pb_column][\/et_pb_row][\/et_pb_section]<\/p>\n","protected":false},"excerpt":{"rendered":"<p>No dia 26 de Mar\u00e7o, o munic\u00edpio de T\u00e1bua apresentou publicamente a sua estrat\u00e9gia para o Turismo, que inclui a SMIITY, num evento que contou com a presen\u00e7a da Secret\u00e1ria de Estado do Turismo.<\/p>\n","protected":false},"author":1,"featured_media":8234,"comment_status":"closed","ping_status":"closed","sticky":false,"template":"","format":"standard","meta":{"_et_pb_use_builder":"on","_et_pb_old_content":"No passado dia 26 de Mar\u00e7o, o Munic\u00edpio de T\u00e1bua apresentou publicamente a sua estrat\u00e9gia para o Turismo, num evento que contou com a participa\u00e7\u00e3o da Sra. Secret\u00e1ria de Estado do Turismo.\r\n\r\nEsta apresenta\u00e7\u00e3o abordou os v\u00e1rios projetos e investimentos que a C\u00e2mara Municipal de T\u00e1bua est\u00e1 a realizar para promover o Turismo como eixo estrat\u00e9gico no seu Munic\u00edpio, de onde se destacaram a moderniza\u00e7\u00e3o das redes wifi e a implementa\u00e7\u00e3o de dispositivos bluetooth para intera\u00e7\u00e3o com o centro hist\u00f3rico da vila, e a plataforma SMIITY.\r\n\r\nCom esta implementa\u00e7\u00e3o, a SMIITY consegue ajudar n\u00e3o s\u00f3 os habitantes locais mas tamb\u00e9m os turistas a acederem a conte\u00fados multim\u00e9dia e informa\u00e7\u00f5es relevantes sobre o Concelho de T\u00e1bua.","_et_gb_content_width":"","inline_featured_image":false,"footnotes":""},"categories":[38,31],"tags":[],"class_list":["post-10426","post","type-post","status-publish","format-standard","has-post-thumbnail","hentry","category-mobinteg-pt","category-noticias"],"_links":{"self":[{"href":"https:\/\/mobinteg.com\/pt-pt\/wp-json\/wp\/v2\/posts\/10426","targetHints":{"allow":["GET"]}}],"collection":[{"href":"https:\/\/mobinteg.com\/pt-pt\/wp-json\/wp\/v2\/posts"}],"about":[{"href":"https:\/\/mobinteg.com\/pt-pt\/wp-json\/wp\/v2\/types\/post"}],"author":[{"embeddable":true,"href":"https:\/\/mobinteg.com\/pt-pt\/wp-json\/wp\/v2\/users\/1"}],"replies":[{"embeddable":true,"href":"https:\/\/mobinteg.com\/pt-pt\/wp-json\/wp\/v2\/comments?post=10426"}],"version-history":[{"count":9,"href":"https:\/\/mobinteg.com\/pt-pt\/wp-json\/wp\/v2\/posts\/10426\/revisions"}],"predecessor-version":[{"id":11075,"href":"https:\/\/mobinteg.com\/pt-pt\/wp-json\/wp\/v2\/posts\/10426\/revisions\/11075"}],"wp:featuredmedia":[{"embeddable":true,"href":"https:\/\/mobinteg.com\/pt-pt\/wp-json\/wp\/v2\/media\/8234"}],"wp:attachment":[{"href":"https:\/\/mobinteg.com\/pt-pt\/wp-json\/wp\/v2\/media?parent=10426"}],"wp:term":[{"taxonomy":"category","embeddable":true,"href":"https:\/\/mobinteg.com\/pt-pt\/wp-json\/wp\/v2\/categories?post=10426"},{"taxonomy":"post_tag","embeddable":true,"href":"https:\/\/mobinteg.com\/pt-pt\/wp-json\/wp\/v2\/tags?post=10426"}],"curies":[{"name":"wp","href":"https:\/\/api.w.org\/{rel}","templated":true}]}}