{"id":10428,"date":"2018-05-02T20:44:06","date_gmt":"2018-05-02T20:44:06","guid":{"rendered":"https:\/\/mobinteg.com\/smiity-present-portugal-smart-cities-summit\/"},"modified":"2022-06-03T11:33:27","modified_gmt":"2022-06-03T11:33:27","slug":"smiity-presente-no-portugal-smart-cities-summit","status":"publish","type":"post","link":"https:\/\/mobinteg.com\/pt-pt\/smiity-presente-no-portugal-smart-cities-summit\/","title":{"rendered":"SMIITY presente no Portugal Smart Cities Summit"},"content":{"rendered":"<p>[et_pb_section fb_built=&#8221;1&#8243; admin_label=&#8221;Header&#8221; module_class=&#8221;general-header&#8221; _builder_version=&#8221;4.17.3&#8243; _module_preset=&#8221;default&#8221; background_image=&#8221;https:\/\/mobinteg.com\/wp-content\/uploads\/2022\/05\/video-frame.png&#8221; background_enable_video_mp4=&#8221;off&#8221; custom_css_after=&#8221;content: %22%22;||display: block;||position: absolute;||top: 0;||left: 0;||width: 100%;||height: 100%;||background-color: rgba(0,153,255,0.4);||z-index: 1;&#8221; global_module=&#8221;9872&#8243; locked=&#8221;off&#8221; global_colors_info=&#8221;{}&#8221;][et_pb_row _builder_version=&#8221;4.17.3&#8243; _module_preset=&#8221;default&#8221; global_colors_info=&#8221;{}&#8221;][et_pb_column type=&#8221;4_4&#8243; _builder_version=&#8221;4.17.3&#8243; _module_preset=&#8221;default&#8221; global_colors_info=&#8221;{}&#8221;][et_pb_text _builder_version=&#8221;4.17.4&#8243; _dynamic_attributes=&#8221;content&#8221; _module_preset=&#8221;default&#8221; text_font=&#8221;Montserrat|800|||||||&#8221; text_text_color=&#8221;#FFFFFF&#8221; header_font=&#8221;|800|||||||&#8221; header_text_color=&#8221;#FFFFFF&#8221; custom_padding=&#8221;100px||100px||true|false&#8221; global_colors_info=&#8221;{}&#8221;]@ET-DC@eyJkeW5hbWljIjp0cnVlLCJjb250ZW50IjoicG9zdF90aXRsZSIsInNldHRpbmdzIjp7ImJlZm9yZSI6IiIsImFmdGVyIjoiIn19@[\/et_pb_text][et_pb_text _builder_version=&#8221;4.17.4&#8243; _module_preset=&#8221;8ab12279-bc26-4c75-8b0f-a03a38da1c3f&#8221; locked=&#8221;off&#8221; global_colors_info=&#8221;{}&#8221;]<\/p>\n<p>The conference took place last April at the Lisbon Congress Centre.<\/p>\n<p>Among Municipalities, brands and start-ups, all converged in the will to show projects that are expected to be winners with regard to the Smart Cities theme.<\/p>\n<p>In an event attended by the Municipalities of Abrantes, \u00c1gueda, Albufeira, Braga, Bragan\u00e7a, Cascais, Castelo Branco, Fund\u00e3o, Guimar\u00e3es, Lisboa, Loures, Oeiras, Seixal, Sintra, Torres Vedras and Viseu, SMIITY was also present to show its solution to the thousands of visitors that attended the conference.<\/p>\n<p>The Lisbon City Hall, in partnership with Universidade Nova de Lisboa, took the opportunity to present the site and application Lisboa Inteligente, developed by mobinteg &#8211; <a href=\"https:\/\/lisboainteligente.cm-lisboa.pt\/\" target=\"_blank\" rel=\"noopener\">visit website<\/a>; <a href=\"https:\/\/itunes.apple.com\/us\/app\/lisboa-inteligente\/id1367482529?mt=8\" target=\"_blank\" rel=\"noopener\">visit Appple Store<\/a>; <a href=\"https:\/\/play.google.com\/store\/apps\/details?id=com.mobishout.lisboainteligente\" target=\"_blank\" rel=\"noopener\">visit Google Play Store<\/a>.<\/p>\n<p>[\/et_pb_text][\/et_pb_column][\/et_pb_row][\/et_pb_section][et_pb_section fb_built=&#8221;1&#8243; _builder_version=&#8221;4.17.3&#8243; _module_preset=&#8221;default&#8221; global_colors_info=&#8221;{}&#8221;][et_pb_row column_structure=&#8221;1_2,1_2&#8243; _builder_version=&#8221;4.17.4&#8243; _module_preset=&#8221;default&#8221; custom_css_main_element=&#8221;  display: flex;||  align-items: center;||  justify-content: center;&#8221; global_colors_info=&#8221;{}&#8221; custom_css_main_element_last_edited=&#8221;on|tablet&#8221; custom_css_main_element_tablet=&#8221;display:block;&#8221; custom_css_main_element_phone=&#8221;display:block;&#8221;][et_pb_column type=&#8221;1_2&#8243; _builder_version=&#8221;4.17.3&#8243; _module_preset=&#8221;default&#8221; global_colors_info=&#8221;{}&#8221;][et_pb_text _builder_version=&#8221;4.17.4&#8243; _module_preset=&#8221;8ab12279-bc26-4c75-8b0f-a03a38da1c3f&#8221; global_colors_info=&#8221;{}&#8221;]<\/p>\n<p>A confer\u00eancia teve lugar em Abril passado no Centro de Congressos de Lisboa.<\/p>\n<p>Entre Munic\u00edpios, marcas e start-ups, todos convergiram na vontade de mostrar projectos que se espera sejam vencedores no que diz respeito ao tema Smart Cities.<\/p>\n<p>Num evento que contou com a presen\u00e7a dos Munic\u00edpios de Abrantes, \u00c1gueda, Albufeira, Braga, Bragan\u00e7a, Cascais, Castelo Branco, Fund\u00e3o, Guimar\u00e3es, Lisboa, Loures, Oeiras, Seixal, Sintra, Torres Vedras e Viseu, a SMIITY esteve tamb\u00e9m presente para mostrar a sua solu\u00e7\u00e3o aos milhares de visitantes que assistiram \u00e0 confer\u00eancia.<\/p>\n<p>A C\u00e2mara Municipal de Lisboa, em parceria com a Universidade Nova de Lisboa, aproveitou a oportunidade para apresentar o site e aplica\u00e7\u00e3o Lisboa Inteligente, desenvolvida pela mobinteg <span style=\"font-size: 1vmax;\">\u00a0&#8211; <\/span><a href=\"https:\/\/lisboainteligente.cm-lisboa.pt\/\" style=\"font-size: 1vmax;\" target=\"_blank\" rel=\"noopener\">visitar website<\/a><span style=\"font-size: 1vmax;\">; <\/span><a href=\"https:\/\/itunes.apple.com\/us\/app\/lisboa-inteligente\/id1367482529?mt=8\" style=\"font-size: 1vmax;\" target=\"_blank\" rel=\"noopener\">visitar Appple Store<\/a><span style=\"font-size: 1vmax;\">; <\/span><a href=\"https:\/\/play.google.com\/store\/apps\/details?id=com.mobishout.lisboainteligente\" style=\"font-size: 1vmax;\" target=\"_blank\" rel=\"noopener\">visitar Google Play Store<\/a><span style=\"font-size: 1vmax;\">.<\/span><\/p>\n<p>A mobinteg \u00e9 a empresa respons\u00e1vel pela aplica\u00e7\u00e3o de smart tourism SMIITY, dispon\u00edvel em v\u00e1rios munic\u00edpios nacionais.<span style=\"font-size: 1vmax;\"><\/span><\/p>\n<p><span style=\"font-size: 1vmax;\"><\/span><\/p>\n<p>[\/et_pb_text][\/et_pb_column][et_pb_column type=&#8221;1_2&#8243; _builder_version=&#8221;4.17.3&#8243; _module_preset=&#8221;default&#8221; global_colors_info=&#8221;{}&#8221;][et_pb_image src=&#8221;https:\/\/mobinteg.com\/wp-content\/uploads\/2018\/05\/30689006_1651953514895689_6342112768434372608_n.jpg&#8221; title_text=&#8221;30689006_1651953514895689_6342112768434372608_n&#8221; force_fullwidth=&#8221;on&#8221; _builder_version=&#8221;4.17.3&#8243; _module_preset=&#8221;default&#8221; global_colors_info=&#8221;{}&#8221;][\/et_pb_image][\/et_pb_column][\/et_pb_row][\/et_pb_section]<\/p>\n","protected":false},"excerpt":{"rendered":"<p>A confer\u00eancia teve lugar em Abril passado no Centro de Congressos de Lisboa. A mobinteg apresentou uma nova solu\u00e7\u00e3o, Lisboa Inteligente.<\/p>\n","protected":false},"author":1,"featured_media":8243,"comment_status":"closed","ping_status":"closed","sticky":false,"template":"","format":"standard","meta":{"_et_pb_use_builder":"on","_et_pb_old_content":"A confer\u00eancia decorreu no passado m\u00eas de Abril no Centro de Congressos de Lisboa.\r\n\r\nEntre Munic\u00edpios, marcas e start-ups, todos convergiram na vontade de mostrar projetos que se esperam vencedores no que respeita ao tema das Smart Cities.\r\n\r\nNum evento que contou com a presen\u00e7a dos Munic\u00edpios de Abrantes, \u00c1gueda, Albufeira, Braga, Bragan\u00e7a, Cascais, Castelo Branco, Fund\u00e3o, Guimar\u00e3es, Lisboa, Loures, Oeiras, Seixal, Sintra, Torres Vedras e Viseu , a SMIITY esteve presente a mostrar tamb\u00e9m ela a sua solu\u00e7\u00e3o para os milhares de visitantes que passaram pela confer\u00eancia.\r\n\r\nA C\u00e2mara Municipal de Lisboa, em parceria com a Universidade Nova de Lisboa, aproveitaram o evento para apresentar o site e a aplica\u00e7\u00e3o Lisboa Inteligente, desenvolvidos pela Mobinteg - <a href=\"https:\/\/lisboainteligente.cm-lisboa.pt\/\">visitar site<\/a>; <a href=\"https:\/\/itunes.apple.com\/us\/app\/lisboa-inteligente\/id1367482529?mt=8\">visitar Appple Store<\/a>; <a href=\"https:\/\/play.google.com\/store\/apps\/details?id=com.mobishout.lisboainteligente\">visitar Google Play Store<\/a>.","_et_gb_content_width":"","inline_featured_image":false,"footnotes":""},"categories":[38,31],"tags":[],"class_list":["post-10428","post","type-post","status-publish","format-standard","has-post-thumbnail","hentry","category-mobinteg-pt","category-noticias"],"_links":{"self":[{"href":"https:\/\/mobinteg.com\/pt-pt\/wp-json\/wp\/v2\/posts\/10428","targetHints":{"allow":["GET"]}}],"collection":[{"href":"https:\/\/mobinteg.com\/pt-pt\/wp-json\/wp\/v2\/posts"}],"about":[{"href":"https:\/\/mobinteg.com\/pt-pt\/wp-json\/wp\/v2\/types\/post"}],"author":[{"embeddable":true,"href":"https:\/\/mobinteg.com\/pt-pt\/wp-json\/wp\/v2\/users\/1"}],"replies":[{"embeddable":true,"href":"https:\/\/mobinteg.com\/pt-pt\/wp-json\/wp\/v2\/comments?post=10428"}],"version-history":[{"count":9,"href":"https:\/\/mobinteg.com\/pt-pt\/wp-json\/wp\/v2\/posts\/10428\/revisions"}],"predecessor-version":[{"id":11072,"href":"https:\/\/mobinteg.com\/pt-pt\/wp-json\/wp\/v2\/posts\/10428\/revisions\/11072"}],"wp:featuredmedia":[{"embeddable":true,"href":"https:\/\/mobinteg.com\/pt-pt\/wp-json\/wp\/v2\/media\/8243"}],"wp:attachment":[{"href":"https:\/\/mobinteg.com\/pt-pt\/wp-json\/wp\/v2\/media?parent=10428"}],"wp:term":[{"taxonomy":"category","embeddable":true,"href":"https:\/\/mobinteg.com\/pt-pt\/wp-json\/wp\/v2\/categories?post=10428"},{"taxonomy":"post_tag","embeddable":true,"href":"https:\/\/mobinteg.com\/pt-pt\/wp-json\/wp\/v2\/tags?post=10428"}],"curies":[{"name":"wp","href":"https:\/\/api.w.org\/{rel}","templated":true}]}}