{"id":10485,"date":"2018-01-24T17:10:15","date_gmt":"2018-01-24T17:10:15","guid":{"rendered":"https:\/\/mobinteg.com\/smiity-e-motivo-de-orgulho-para-todos-quantos-dedicam-o-melhor-de-si-ao-turismo\/"},"modified":"2022-06-03T11:38:33","modified_gmt":"2022-06-03T11:38:33","slug":"smiity-orgulho-melhor-turismo","status":"publish","type":"post","link":"https:\/\/mobinteg.com\/pt-pt\/smiity-orgulho-melhor-turismo\/","title":{"rendered":"SMIITY \u00e9 &#8220;uma fonte de orgulho para todos aqueles que dedicam o seu melhor ao turismo&#8221;."},"content":{"rendered":"<p>[et_pb_section fb_built=&#8221;1&#8243; admin_label=&#8221;Header&#8221; module_class=&#8221;general-header&#8221; _builder_version=&#8221;4.17.3&#8243; _module_preset=&#8221;default&#8221; background_image=&#8221;https:\/\/mobinteg.com\/wp-content\/uploads\/2022\/05\/video-frame.png&#8221; background_enable_video_mp4=&#8221;off&#8221; custom_css_after=&#8221;content: %22%22;||display: block;||position: absolute;||top: 0;||left: 0;||width: 100%;||height: 100%;||background-color: rgba(0,153,255,0.4);||z-index: 1;&#8221; global_module=&#8221;9872&#8243; locked=&#8221;off&#8221; global_colors_info=&#8221;{}&#8221;][et_pb_row _builder_version=&#8221;4.17.3&#8243; _module_preset=&#8221;default&#8221; global_colors_info=&#8221;{}&#8221;][et_pb_column type=&#8221;4_4&#8243; _builder_version=&#8221;4.17.3&#8243; _module_preset=&#8221;default&#8221; global_colors_info=&#8221;{}&#8221;][et_pb_text _builder_version=&#8221;4.17.4&#8243; _dynamic_attributes=&#8221;content&#8221; _module_preset=&#8221;default&#8221; text_font=&#8221;Montserrat|800|||||||&#8221; text_text_color=&#8221;#FFFFFF&#8221; header_font=&#8221;|800|||||||&#8221; header_text_color=&#8221;#FFFFFF&#8221; custom_padding=&#8221;100px||100px||true|false&#8221; global_colors_info=&#8221;{}&#8221;]@ET-DC@eyJkeW5hbWljIjp0cnVlLCJjb250ZW50IjoicG9zdF90aXRsZSIsInNldHRpbmdzIjp7ImJlZm9yZSI6IiIsImFmdGVyIjoiIn19@[\/et_pb_text][et_pb_text _builder_version=&#8221;4.17.4&#8243; _module_preset=&#8221;8ab12279-bc26-4c75-8b0f-a03a38da1c3f&#8221; locked=&#8221;off&#8221; global_colors_info=&#8221;{}&#8221;]<\/p>\n<p>The conference took place last April at the Lisbon Congress Centre.<\/p>\n<p>Among Municipalities, brands and start-ups, all converged in the will to show projects that are expected to be winners with regard to the Smart Cities theme.<\/p>\n<p>In an event attended by the Municipalities of Abrantes, \u00c1gueda, Albufeira, Braga, Bragan\u00e7a, Cascais, Castelo Branco, Fund\u00e3o, Guimar\u00e3es, Lisboa, Loures, Oeiras, Seixal, Sintra, Torres Vedras and Viseu, SMIITY was also present to show its solution to the thousands of visitors that attended the conference.<\/p>\n<p>The Lisbon City Hall, in partnership with Universidade Nova de Lisboa, took the opportunity to present the site and application Lisboa Inteligente, developed by mobinteg &#8211; <a href=\"https:\/\/lisboainteligente.cm-lisboa.pt\/\" target=\"_blank\" rel=\"noopener\">visit website<\/a>; <a href=\"https:\/\/itunes.apple.com\/us\/app\/lisboa-inteligente\/id1367482529?mt=8\" target=\"_blank\" rel=\"noopener\">visit Appple Store<\/a>; <a href=\"https:\/\/play.google.com\/store\/apps\/details?id=com.mobishout.lisboainteligente\" target=\"_blank\" rel=\"noopener\">visit Google Play Store<\/a>.<\/p>\n<p>[\/et_pb_text][\/et_pb_column][\/et_pb_row][\/et_pb_section][et_pb_section fb_built=&#8221;1&#8243; _builder_version=&#8221;4.17.3&#8243; _module_preset=&#8221;default&#8221; global_colors_info=&#8221;{}&#8221;][et_pb_row column_structure=&#8221;1_2,1_2&#8243; _builder_version=&#8221;4.17.4&#8243; _module_preset=&#8221;default&#8221; custom_css_main_element=&#8221;  display: flex;||  align-items: center;||  justify-content: center;&#8221; global_colors_info=&#8221;{}&#8221; custom_css_main_element_last_edited=&#8221;on|tablet&#8221; custom_css_main_element_tablet=&#8221;display:block;&#8221; custom_css_main_element_phone=&#8221;display:block;&#8221;][et_pb_column type=&#8221;1_2&#8243; _builder_version=&#8221;4.17.3&#8243; _module_preset=&#8221;default&#8221; global_colors_info=&#8221;{}&#8221;][et_pb_text _builder_version=&#8221;4.17.4&#8243; _module_preset=&#8221;8ab12279-bc26-4c75-8b0f-a03a38da1c3f&#8221; custom_margin=&#8221;||0px||false|false&#8221; custom_padding=&#8221;||0px||false|false&#8221; global_colors_info=&#8221;{}&#8221;]<\/p>\n<p>Na semana passada, uma nova edi\u00e7\u00e3o da FITUR &#8211; Feria Internacional del Turismo teve lugar em Madrid, um dos principais eventos tur\u00edsticos do ano \u00e0 escala global, como provam os mais de 250.000 visitantes que recebeu.<\/p>\n<p>Para al\u00e9m da forte presen\u00e7a portuguesa e dos neg\u00f3cios realizados, houve dois eventos paralelos \u00e0 feira que merecem uma men\u00e7\u00e3o especial: a atribui\u00e7\u00e3o, pela Organiza\u00e7\u00e3o Mundial do Turismo (UNTWO), do pr\u00e9mio &#8220;Inova\u00e7\u00e3o em Pol\u00edticas P\u00fablicas e Administra\u00e7\u00e3o&#8221; ao Turismo de Portugal, pelo projecto dedicado \u00e0 forma\u00e7\u00e3o em turismo TTT &#8211; Tourism Training Talent; e, a conquista, pela empresa nacional &#8220;Mobinteg&#8221;, do pr\u00e9mio atribu\u00eddo pela FITUR para &#8220;Melhor Aplica\u00e7\u00e3o Internacional de Turismo&#8221;, na categoria &#8220;Guia Tur\u00edstico&#8221; \u00e0 aplica\u00e7\u00e3o &#8220;SMIITY&#8221; (Smart Interactive cITY).<\/p>\n<p>[\/et_pb_text][\/et_pb_column][et_pb_column type=&#8221;1_2&#8243; _builder_version=&#8221;4.17.3&#8243; _module_preset=&#8221;default&#8221; global_colors_info=&#8221;{}&#8221;][et_pb_image src=&#8221;https:\/\/mobinteg.com\/wp-content\/uploads\/2018\/01\/Atilio-Forte2.jpg&#8221; title_text=&#8221;Atilio-Forte2&#8243; force_fullwidth=&#8221;on&#8221; _builder_version=&#8221;4.17.3&#8243; _module_preset=&#8221;default&#8221; global_colors_info=&#8221;{}&#8221;][\/et_pb_image][\/et_pb_column][\/et_pb_row][et_pb_row _builder_version=&#8221;4.17.3&#8243; _module_preset=&#8221;default&#8221; global_colors_info=&#8221;{}&#8221;][et_pb_column type=&#8221;4_4&#8243; _builder_version=&#8221;4.17.3&#8243; _module_preset=&#8221;default&#8221; global_colors_info=&#8221;{}&#8221;][et_pb_text _builder_version=&#8221;4.17.4&#8243; _module_preset=&#8221;8ab12279-bc26-4c75-8b0f-a03a38da1c3f&#8221; custom_margin=&#8221;0px||||false|false&#8221; custom_padding=&#8221;0px||||false|false&#8221; global_colors_info=&#8221;{}&#8221;]<\/p>\n<p>Naturalmente, ambos os casos devem ser motivo de orgulho para todos aqueles que se dedicam ao turismo e, muito mais importante, na nossa opini\u00e3o, demonstrar com total clareza as crescentes capacidades (e qualidade!) que Portugal tem vindo a adquirir na \u00e1rea de I&amp;D (Inova\u00e7\u00e3o e Desenvolvimento) que, como \u00e9 geralmente reconhecido, \u00e9 actualmente um dos mais importantes para a afirma\u00e7\u00e3o de qualquer destino tur\u00edstico.<\/p>\n<p>Leia o artigo completo de At\u00edlio Forte em <a href=\"http:\/\/www.turisver.com\/iturismo-patrimonio-cultura-saber-atilio-forte\/\" target=\"_blank\" rel=\"noopener\" style=\"font-size: 1vmax;\">Turisver<\/a><span style=\"font-size: 1vmax;\">.<\/span><\/p>\n<p>[\/et_pb_text][\/et_pb_column][\/et_pb_row][\/et_pb_section]<\/p>\n","protected":false},"excerpt":{"rendered":"<p>Na semana passada, outra edi\u00e7\u00e3o da FITUR &#8211; Feria Internacional del Turismo teve lugar em Madrid, um dos principais eventos tur\u00edsticos do ano \u00e0 escala global, como provam os mais de 250.000 visitantes que recebeu.<\/p>\n","protected":false},"author":1,"featured_media":8165,"comment_status":"closed","ping_status":"closed","sticky":false,"template":"","format":"standard","meta":{"_et_pb_use_builder":"on","_et_pb_old_content":"Na semana passada teve lugar em Madrid mais uma edi\u00e7\u00e3o da FITUR \u2013 Feria Internacional del Turismo, um dos principais eventos tur\u00edsticos do ano \u00e0 escala global, como provam os mais de 250.000 visitantes que recebeu.\r\n\r\nPara al\u00e9m da forte presen\u00e7a portuguesa e dos neg\u00f3cios realizados, houve dois acontecimentos paralelos ao certame que merecem um especial destaque: a atribui\u00e7\u00e3o, pela Organiza\u00e7\u00e3o Mundial do Turismo (UNTWO), do pr\u00e9mio \u201cInova\u00e7\u00e3o de Pol\u00edticas P\u00fablicas e Administra\u00e7\u00e3o\u201d ao Turismo de Portugal, pelo projecto dedicado \u00e0 forma\u00e7\u00e3o em turismo TTT \u2013 Tourism Training Talent; e, a conquista pela empresa nacional \u201cMobinteg\u201d, do pr\u00e9mio atribu\u00eddo pela FITUR para \u201cMelhor App Internacional de Turismo\u201d, na categoria \u201cGuia Tur\u00edstico\u201d \u00e0 aplica\u00e7\u00e3o \u201cSMIITY\u201d (Smart Interactive cITY).\r\n\r\nNaturalmente, tanto um caso como o outro devem constituir motivo de orgulho para todos quantos dedicam o melhor si ao turismo e, muito mais importante em nossa opini\u00e3o, demonstram com total clareza as crescentes capacidades (e qualidade!) que Portugal vem adquirindo na \u00e1rea de I&D (Inova\u00e7\u00e3o e Desenvolvimento) que, como \u00e9 comummente reconhecido, \u00e9 actualmente uma das mais importantes para a afirma\u00e7\u00e3o de qualquer destino tur\u00edstico.\r\n\r\nLeia o artigo completo de At\u00edlio Forte na <a href=\"http:\/\/www.turisver.com\/iturismo-patrimonio-cultura-saber-atilio-forte\/\" target=\"_blank\" rel=\"noopener\">Turisver<\/a>.","_et_gb_content_width":"","inline_featured_image":false,"footnotes":""},"categories":[38,31],"tags":[],"class_list":["post-10485","post","type-post","status-publish","format-standard","has-post-thumbnail","hentry","category-mobinteg-pt","category-noticias"],"_links":{"self":[{"href":"https:\/\/mobinteg.com\/pt-pt\/wp-json\/wp\/v2\/posts\/10485","targetHints":{"allow":["GET"]}}],"collection":[{"href":"https:\/\/mobinteg.com\/pt-pt\/wp-json\/wp\/v2\/posts"}],"about":[{"href":"https:\/\/mobinteg.com\/pt-pt\/wp-json\/wp\/v2\/types\/post"}],"author":[{"embeddable":true,"href":"https:\/\/mobinteg.com\/pt-pt\/wp-json\/wp\/v2\/users\/1"}],"replies":[{"embeddable":true,"href":"https:\/\/mobinteg.com\/pt-pt\/wp-json\/wp\/v2\/comments?post=10485"}],"version-history":[{"count":8,"href":"https:\/\/mobinteg.com\/pt-pt\/wp-json\/wp\/v2\/posts\/10485\/revisions"}],"predecessor-version":[{"id":11083,"href":"https:\/\/mobinteg.com\/pt-pt\/wp-json\/wp\/v2\/posts\/10485\/revisions\/11083"}],"wp:featuredmedia":[{"embeddable":true,"href":"https:\/\/mobinteg.com\/pt-pt\/wp-json\/wp\/v2\/media\/8165"}],"wp:attachment":[{"href":"https:\/\/mobinteg.com\/pt-pt\/wp-json\/wp\/v2\/media?parent=10485"}],"wp:term":[{"taxonomy":"category","embeddable":true,"href":"https:\/\/mobinteg.com\/pt-pt\/wp-json\/wp\/v2\/categories?post=10485"},{"taxonomy":"post_tag","embeddable":true,"href":"https:\/\/mobinteg.com\/pt-pt\/wp-json\/wp\/v2\/tags?post=10485"}],"curies":[{"name":"wp","href":"https:\/\/api.w.org\/{rel}","templated":true}]}}