{"id":10509,"date":"2018-01-17T15:32:01","date_gmt":"2018-01-17T15:32:01","guid":{"rendered":"https:\/\/mobinteg.com\/mobinteg-desenvolve-solucao-photoid-com-reconhecimento-de-voz\/"},"modified":"2022-06-03T11:40:28","modified_gmt":"2022-06-03T11:40:28","slug":"mobinteg-photoid-reconhecimento-voz","status":"publish","type":"post","link":"https:\/\/mobinteg.com\/pt-pt\/mobinteg-photoid-reconhecimento-voz\/","title":{"rendered":"mobinteg desenvolve solu\u00e7\u00e3o PhotoID com reconhecimento de voz"},"content":{"rendered":"<p>[et_pb_section fb_built=&#8221;1&#8243; admin_label=&#8221;Header&#8221; module_class=&#8221;general-header&#8221; _builder_version=&#8221;4.17.3&#8243; _module_preset=&#8221;default&#8221; background_image=&#8221;https:\/\/mobinteg.com\/wp-content\/uploads\/2022\/05\/video-frame.png&#8221; background_enable_video_mp4=&#8221;off&#8221; custom_css_after=&#8221;content: %22%22;||display: block;||position: absolute;||top: 0;||left: 0;||width: 100%;||height: 100%;||background-color: rgba(0,153,255,0.4);||z-index: 1;&#8221; global_module=&#8221;9872&#8243; locked=&#8221;off&#8221; global_colors_info=&#8221;{}&#8221;][et_pb_row _builder_version=&#8221;4.17.3&#8243; _module_preset=&#8221;default&#8221; global_colors_info=&#8221;{}&#8221;][et_pb_column type=&#8221;4_4&#8243; _builder_version=&#8221;4.17.3&#8243; _module_preset=&#8221;default&#8221; global_colors_info=&#8221;{}&#8221;][et_pb_text _builder_version=&#8221;4.17.4&#8243; _dynamic_attributes=&#8221;content&#8221; _module_preset=&#8221;default&#8221; text_font=&#8221;Montserrat|800|||||||&#8221; text_text_color=&#8221;#FFFFFF&#8221; header_font=&#8221;|800|||||||&#8221; header_text_color=&#8221;#FFFFFF&#8221; custom_padding=&#8221;100px||100px||true|false&#8221; global_colors_info=&#8221;{}&#8221;]@ET-DC@eyJkeW5hbWljIjp0cnVlLCJjb250ZW50IjoicG9zdF90aXRsZSIsInNldHRpbmdzIjp7ImJlZm9yZSI6IiIsImFmdGVyIjoiIn19@[\/et_pb_text][et_pb_text _builder_version=&#8221;4.17.4&#8243; _module_preset=&#8221;8ab12279-bc26-4c75-8b0f-a03a38da1c3f&#8221; locked=&#8221;off&#8221; global_colors_info=&#8221;{}&#8221;]<\/p>\n<p>The conference took place last April at the Lisbon Congress Centre.<\/p>\n<p>Among Municipalities, brands and start-ups, all converged in the will to show projects that are expected to be winners with regard to the Smart Cities theme.<\/p>\n<p>In an event attended by the Municipalities of Abrantes, \u00c1gueda, Albufeira, Braga, Bragan\u00e7a, Cascais, Castelo Branco, Fund\u00e3o, Guimar\u00e3es, Lisboa, Loures, Oeiras, Seixal, Sintra, Torres Vedras and Viseu, SMIITY was also present to show its solution to the thousands of visitors that attended the conference.<\/p>\n<p>The Lisbon City Hall, in partnership with Universidade Nova de Lisboa, took the opportunity to present the site and application Lisboa Inteligente, developed by mobinteg &#8211; <a href=\"https:\/\/lisboainteligente.cm-lisboa.pt\/\" target=\"_blank\" rel=\"noopener\">visit website<\/a>; <a href=\"https:\/\/itunes.apple.com\/us\/app\/lisboa-inteligente\/id1367482529?mt=8\" target=\"_blank\" rel=\"noopener\">visit Appple Store<\/a>; <a href=\"https:\/\/play.google.com\/store\/apps\/details?id=com.mobishout.lisboainteligente\" target=\"_blank\" rel=\"noopener\">visit Google Play Store<\/a>.<\/p>\n<p>[\/et_pb_text][\/et_pb_column][\/et_pb_row][\/et_pb_section][et_pb_section fb_built=&#8221;1&#8243; _builder_version=&#8221;4.17.3&#8243; _module_preset=&#8221;default&#8221; global_colors_info=&#8221;{}&#8221;][et_pb_row column_structure=&#8221;1_2,1_2&#8243; _builder_version=&#8221;4.17.4&#8243; _module_preset=&#8221;default&#8221; custom_margin=&#8221;||0px||false|false&#8221; custom_padding=&#8221;||0px||false|false&#8221; custom_css_main_element=&#8221;  display: flex;||  align-items: center;||  justify-content: center;&#8221; global_colors_info=&#8221;{}&#8221; custom_css_main_element_last_edited=&#8221;on|tablet&#8221; custom_css_main_element_tablet=&#8221;display:block;&#8221; custom_css_main_element_phone=&#8221;display:block;&#8221;][et_pb_column type=&#8221;1_2&#8243; _builder_version=&#8221;4.17.3&#8243; _module_preset=&#8221;default&#8221; global_colors_info=&#8221;{}&#8221;][et_pb_text _builder_version=&#8221;4.17.4&#8243; _module_preset=&#8221;8ab12279-bc26-4c75-8b0f-a03a38da1c3f&#8221; global_colors_info=&#8221;{}&#8221;]<\/p>\n<p>A mobinteg desenvolveu a solu\u00e7\u00e3o &#8220;PhotoID&#8221;, que introduz no mercado a funcionalidade do reconhecimento de voz, para a empresa UScope, que opera nos Estados Unidos da Am\u00e9rica. Destinada aos peritos e seguradoras, permite criar relat\u00f3rios autom\u00e1ticos e edit\u00e1veis com fotos e texto atrav\u00e9s do smartphone, evitando a utiliza\u00e7\u00e3o de equipamento adicional.<\/p>\n<p>Esta \u00e9 uma solu\u00e7\u00e3o m\u00f3vel que permite recolher informa\u00e7\u00e3o, tirar fotografias e gerar relat\u00f3rios num \u00fanico dispositivo: o smartphone. Com a&#8221;PhotoID&#8221;, o perito tem a oportunidade de falar para o telem\u00f3vel em vez de digitar, atrav\u00e9s da fun\u00e7\u00e3o de reconhecimento de voz integrada no sistema: speech-to-text.<\/p>\n<p>Para utilizar o &#8220;speech-to-text&#8221;, \u00e9 necess\u00e1rio premir o bot\u00e3o de captura de voz e descrever o que se est\u00e1 a ver. Enquanto est\u00e1 a gravar, a aplica\u00e7\u00e3o transforma automaticamente o \u00e1udio em texto. Posteriormente, a descri\u00e7\u00e3o pode ser alterada manualmente.<\/p>\n<p>Leia o artigo completo em <a href=\"http:\/\/www.portugalglobal.pt\/PT\/PortugalNews\/Paginas\/NewDetail.aspx?newId=%7B3E845D51-6E79-412B-8E4A-775509315155%7D\" target=\"_blank\" rel=\"noopener\">Portugalglobal<\/a>.<\/p>\n<p>[\/et_pb_text][\/et_pb_column][et_pb_column type=&#8221;1_2&#8243; _builder_version=&#8221;4.17.3&#8243; _module_preset=&#8221;default&#8221; global_colors_info=&#8221;{}&#8221;][et_pb_image src=&#8221;https:\/\/mobinteg.com\/wp-content\/uploads\/2018\/01\/PhotoID-by-mobinteg-2.jpg&#8221; title_text=&#8221;PhotoID by mobinteg 2&#8243; force_fullwidth=&#8221;on&#8221; _builder_version=&#8221;4.17.3&#8243; _module_preset=&#8221;default&#8221; global_colors_info=&#8221;{}&#8221;][\/et_pb_image][\/et_pb_column][\/et_pb_row][\/et_pb_section]<\/p>\n","protected":false},"excerpt":{"rendered":"<p>A mobinteg desenvolveu a solu\u00e7\u00e3o \u201cPhotoID\u201d, que introduz no mercado a funcionalidade de reconhecimento de voz, para a empresa UScope, que opera nos Estados Unidos da Am\u00e9rica. Destinada a peritos e seguradoras, permite criar relat\u00f3rios autom\u00e1ticos e edit\u00e1veis com fotografias e texto atrav\u00e9s do smartphone, evitando o uso de equipamento adicional.<\/p>\n","protected":false},"author":1,"featured_media":8161,"comment_status":"closed","ping_status":"closed","sticky":false,"template":"","format":"standard","meta":{"_et_pb_use_builder":"on","_et_pb_old_content":"<div class=\"TxtLead1 clearfix\">\r\n<p id=\"ctl00_PlaceHolderMain_uc_NewsDetail_divAbstract\">A mobinteg desenvolveu a solu\u00e7\u00e3o \"PhotoID\", que introduz no mercado a funcionalidade de reconhecimento de voz, para a empresa UScope, que opera nos Estados Unidos da Am\u00e9rica. Destinada a peritos e seguradoras,\u00a0permite criar relat\u00f3rios autom\u00e1ticos e edit\u00e1veis com fotografias e texto atrav\u00e9s do\u00a0<em>smartphone<\/em>, evitando o uso de equipamento adicional.<\/p>\r\nEsta \u00e9 uma solu\u00e7\u00e3o\u00a0<em>mobile<\/em>\u00a0que permite recolher informa\u00e7\u00e3o, tirar fotografias e gerar relat\u00f3rios num s\u00f3 dispositivo: o\u00a0<em>smartphone<\/em>. Com a \"PhotoID\", o perito tem a oportunidade de falar para o telem\u00f3vel em vez de escrever atrav\u00e9s da funcionalidade de reconhecimento de voz integrada no sistema: o\u00a0<i>speech-to-text<\/i>.\r\n\r\nPara utilizar o\u00a0<em>speech-to-text,\u00a0<\/em>deve pressionar o bot\u00e3o de captura de voz e\u00a0descrever o que est\u00e1 a ver. Enquanto est\u00e1 a gravar, a aplica\u00e7\u00e3o transforma automaticamente o \u00e1udio em texto. Posteriormente, a descri\u00e7\u00e3o pode ser alterada manualmente.\r\n\r\nLeia o artigo completo na <a href=\"http:\/\/www.portugalglobal.pt\/PT\/PortugalNews\/Paginas\/NewDetail.aspx?newId=%7B3E845D51-6E79-412B-8E4A-775509315155%7D\" target=\"_blank\" rel=\"noopener\">Portugalglobal<\/a>.\r\n\r\n<\/div>","_et_gb_content_width":"","inline_featured_image":false,"footnotes":""},"categories":[38,31],"tags":[],"class_list":["post-10509","post","type-post","status-publish","format-standard","has-post-thumbnail","hentry","category-mobinteg-pt","category-noticias"],"_links":{"self":[{"href":"https:\/\/mobinteg.com\/pt-pt\/wp-json\/wp\/v2\/posts\/10509","targetHints":{"allow":["GET"]}}],"collection":[{"href":"https:\/\/mobinteg.com\/pt-pt\/wp-json\/wp\/v2\/posts"}],"about":[{"href":"https:\/\/mobinteg.com\/pt-pt\/wp-json\/wp\/v2\/types\/post"}],"author":[{"embeddable":true,"href":"https:\/\/mobinteg.com\/pt-pt\/wp-json\/wp\/v2\/users\/1"}],"replies":[{"embeddable":true,"href":"https:\/\/mobinteg.com\/pt-pt\/wp-json\/wp\/v2\/comments?post=10509"}],"version-history":[{"count":8,"href":"https:\/\/mobinteg.com\/pt-pt\/wp-json\/wp\/v2\/posts\/10509\/revisions"}],"predecessor-version":[{"id":11087,"href":"https:\/\/mobinteg.com\/pt-pt\/wp-json\/wp\/v2\/posts\/10509\/revisions\/11087"}],"wp:featuredmedia":[{"embeddable":true,"href":"https:\/\/mobinteg.com\/pt-pt\/wp-json\/wp\/v2\/media\/8161"}],"wp:attachment":[{"href":"https:\/\/mobinteg.com\/pt-pt\/wp-json\/wp\/v2\/media?parent=10509"}],"wp:term":[{"taxonomy":"category","embeddable":true,"href":"https:\/\/mobinteg.com\/pt-pt\/wp-json\/wp\/v2\/categories?post=10509"},{"taxonomy":"post_tag","embeddable":true,"href":"https:\/\/mobinteg.com\/pt-pt\/wp-json\/wp\/v2\/tags?post=10509"}],"curies":[{"name":"wp","href":"https:\/\/api.w.org\/{rel}","templated":true}]}}