{"id":10548,"date":"2017-11-13T17:24:35","date_gmt":"2017-11-13T17:24:35","guid":{"rendered":"https:\/\/mobinteg.com\/mobinteg-highlighted-revista-port-com\/"},"modified":"2022-06-03T11:22:53","modified_gmt":"2022-06-03T11:22:53","slug":"mobinteg-destaque-revista-port-com","status":"publish","type":"post","link":"https:\/\/mobinteg.com\/pt-pt\/mobinteg-destaque-revista-port-com\/","title":{"rendered":"mobinteg em destaque na Revista Port.com"},"content":{"rendered":"<p>[et_pb_section fb_built=&#8221;1&#8243; admin_label=&#8221;Header&#8221; module_class=&#8221;general-header&#8221; _builder_version=&#8221;4.17.3&#8243; _module_preset=&#8221;default&#8221; background_image=&#8221;https:\/\/mobinteg.com\/wp-content\/uploads\/2022\/05\/video-frame.png&#8221; background_enable_video_mp4=&#8221;off&#8221; custom_css_after=&#8221;content: %22%22;||display: block;||position: absolute;||top: 0;||left: 0;||width: 100%;||height: 100%;||background-color: rgba(0,153,255,0.4);||z-index: 1;&#8221; global_module=&#8221;9872&#8243; locked=&#8221;off&#8221; global_colors_info=&#8221;{}&#8221;][et_pb_row _builder_version=&#8221;4.17.3&#8243; _module_preset=&#8221;default&#8221; global_colors_info=&#8221;{}&#8221;][et_pb_column type=&#8221;4_4&#8243; _builder_version=&#8221;4.17.3&#8243; _module_preset=&#8221;default&#8221; global_colors_info=&#8221;{}&#8221;][et_pb_text _builder_version=&#8221;4.17.4&#8243; _dynamic_attributes=&#8221;content&#8221; _module_preset=&#8221;default&#8221; text_font=&#8221;Montserrat|800|||||||&#8221; text_text_color=&#8221;#FFFFFF&#8221; header_font=&#8221;|800|||||||&#8221; header_text_color=&#8221;#FFFFFF&#8221; custom_padding=&#8221;100px||100px||true|false&#8221; global_colors_info=&#8221;{}&#8221;]@ET-DC@eyJkeW5hbWljIjp0cnVlLCJjb250ZW50IjoicG9zdF90aXRsZSIsInNldHRpbmdzIjp7ImJlZm9yZSI6IiIsImFmdGVyIjoiIn19@[\/et_pb_text][et_pb_text _builder_version=&#8221;4.17.4&#8243; _module_preset=&#8221;8ab12279-bc26-4c75-8b0f-a03a38da1c3f&#8221; global_colors_info=&#8221;{}&#8221; locked=&#8221;off&#8221;]<\/p>\n<p>The conference took place last April at the Lisbon Congress Centre.<\/p>\n<p>Among Municipalities, brands and start-ups, all converged in the will to show projects that are expected to be winners with regard to the Smart Cities theme.<\/p>\n<p>In an event attended by the Municipalities of Abrantes, \u00c1gueda, Albufeira, Braga, Bragan\u00e7a, Cascais, Castelo Branco, Fund\u00e3o, Guimar\u00e3es, Lisboa, Loures, Oeiras, Seixal, Sintra, Torres Vedras and Viseu, SMIITY was also present to show its solution to the thousands of visitors that attended the conference.<\/p>\n<p>The Lisbon City Hall, in partnership with Universidade Nova de Lisboa, took the opportunity to present the site and application Lisboa Inteligente, developed by mobinteg &#8211; <a href=\"https:\/\/lisboainteligente.cm-lisboa.pt\/\" target=\"_blank\" rel=\"noopener\">visit website<\/a>; <a href=\"https:\/\/itunes.apple.com\/us\/app\/lisboa-inteligente\/id1367482529?mt=8\" target=\"_blank\" rel=\"noopener\">visit Appple Store<\/a>; <a href=\"https:\/\/play.google.com\/store\/apps\/details?id=com.mobishout.lisboainteligente\" target=\"_blank\" rel=\"noopener\">visit Google Play Store<\/a>.<\/p>\n<p>[\/et_pb_text][\/et_pb_column][\/et_pb_row][\/et_pb_section][et_pb_section fb_built=&#8221;1&#8243; _builder_version=&#8221;4.17.3&#8243; _module_preset=&#8221;default&#8221; global_colors_info=&#8221;{}&#8221;][et_pb_row column_structure=&#8221;1_2,1_2&#8243; _builder_version=&#8221;4.17.4&#8243; _module_preset=&#8221;default&#8221; custom_css_main_element=&#8221;  display: flex;||  align-items: center;||  justify-content: center;&#8221; global_colors_info=&#8221;{}&#8221; custom_css_main_element_last_edited=&#8221;on|tablet&#8221; custom_css_main_element_tablet=&#8221;display:block;&#8221; custom_css_main_element_phone=&#8221;display:block;&#8221;][et_pb_column type=&#8221;1_2&#8243; _builder_version=&#8221;4.17.3&#8243; _module_preset=&#8221;default&#8221; global_colors_info=&#8221;{}&#8221;][et_pb_text _builder_version=&#8221;4.17.3&#8243; _module_preset=&#8221;8ab12279-bc26-4c75-8b0f-a03a38da1c3f&#8221; global_colors_info=&#8221;{}&#8221;]<\/p>\n<p>A mobinteg est\u00e1 na \u00faltima edi\u00e7\u00e3o da Revista Port.com. A presen\u00e7a da empresa no Web Summit com a SMIITY e &#8216;T\u00e1 Pedido foi destacada por esta revista portuguesa.<\/p>\n<p>Leia o artigo completo em <span style=\"font-size: 1vmax;\"><\/span><a href=\"http:\/\/www.revistaport.com\/revista\" target=\"_blank\" rel=\"noopener\" style=\"font-size: 1vmax;\">Revista Port.com<\/a><span style=\"font-size: 1vmax;\">.<\/span><\/p>\n<p>[\/et_pb_text][\/et_pb_column][et_pb_column type=&#8221;1_2&#8243; _builder_version=&#8221;4.17.3&#8243; _module_preset=&#8221;default&#8221; global_colors_info=&#8221;{}&#8221;][et_pb_image src=&#8221;https:\/\/mobinteg.com\/wp-content\/uploads\/2017\/11\/mobinteg_revista-port.com_.jpg&#8221; title_text=&#8221;mobinteg_revista port.com&#8221; force_fullwidth=&#8221;on&#8221; _builder_version=&#8221;4.17.3&#8243; _module_preset=&#8221;default&#8221; global_colors_info=&#8221;{}&#8221;][\/et_pb_image][\/et_pb_column][\/et_pb_row][\/et_pb_section]<\/p>\n","protected":false},"excerpt":{"rendered":"<p>A mobinteg est\u00e1 na \u00faltima edi\u00e7\u00e3o da Revista Port.com. A presen\u00e7a da empresa no Web Summit com a SMIITY e &#8216;T\u00e1 Pedido foi destacada por esta revista portuguesa.<\/p>\n","protected":false},"author":1,"featured_media":8152,"comment_status":"closed","ping_status":"closed","sticky":false,"template":"","format":"standard","meta":{"_et_pb_use_builder":"on","_et_pb_old_content":"mobinteg is in the latest edition of Revista Port.com. The company's presence at Web Summit with SMIITY and 'T\u00e1 Pedido was highlighted by this Portuguese magazine.\r\n\r\nRead the full article at <a href=\"http:\/\/www.revistaport.com\/revista\" target=\"_blank\" rel=\"noopener\">Revista Port.com<\/a>.","_et_gb_content_width":"","inline_featured_image":false,"footnotes":""},"categories":[37,38,3,31],"tags":[],"class_list":["post-10548","post","type-post","status-publish","format-standard","has-post-thumbnail","hentry","category-mobinteg","category-mobinteg-pt","category-news","category-noticias"],"_links":{"self":[{"href":"https:\/\/mobinteg.com\/pt-pt\/wp-json\/wp\/v2\/posts\/10548","targetHints":{"allow":["GET"]}}],"collection":[{"href":"https:\/\/mobinteg.com\/pt-pt\/wp-json\/wp\/v2\/posts"}],"about":[{"href":"https:\/\/mobinteg.com\/pt-pt\/wp-json\/wp\/v2\/types\/post"}],"author":[{"embeddable":true,"href":"https:\/\/mobinteg.com\/pt-pt\/wp-json\/wp\/v2\/users\/1"}],"replies":[{"embeddable":true,"href":"https:\/\/mobinteg.com\/pt-pt\/wp-json\/wp\/v2\/comments?post=10548"}],"version-history":[{"count":8,"href":"https:\/\/mobinteg.com\/pt-pt\/wp-json\/wp\/v2\/posts\/10548\/revisions"}],"predecessor-version":[{"id":11058,"href":"https:\/\/mobinteg.com\/pt-pt\/wp-json\/wp\/v2\/posts\/10548\/revisions\/11058"}],"wp:featuredmedia":[{"embeddable":true,"href":"https:\/\/mobinteg.com\/pt-pt\/wp-json\/wp\/v2\/media\/8152"}],"wp:attachment":[{"href":"https:\/\/mobinteg.com\/pt-pt\/wp-json\/wp\/v2\/media?parent=10548"}],"wp:term":[{"taxonomy":"category","embeddable":true,"href":"https:\/\/mobinteg.com\/pt-pt\/wp-json\/wp\/v2\/categories?post=10548"},{"taxonomy":"post_tag","embeddable":true,"href":"https:\/\/mobinteg.com\/pt-pt\/wp-json\/wp\/v2\/tags?post=10548"}],"curies":[{"name":"wp","href":"https:\/\/api.w.org\/{rel}","templated":true}]}}