{"id":10561,"date":"2017-11-02T15:58:49","date_gmt":"2017-11-02T15:58:49","guid":{"rendered":"https:\/\/mobinteg.com\/mobinteg-will-two-stands-web-summit-2017\/"},"modified":"2022-06-03T12:04:35","modified_gmt":"2022-06-03T12:04:35","slug":"mobinteg-stands-web-summit-2017","status":"publish","type":"post","link":"https:\/\/mobinteg.com\/pt-pt\/mobinteg-stands-web-summit-2017\/","title":{"rendered":"mobinteg vai ter dois stands na Web Summit 2017"},"content":{"rendered":"<p>[et_pb_section fb_built=&#8221;1&#8243; admin_label=&#8221;Header&#8221; module_class=&#8221;general-header&#8221; _builder_version=&#8221;4.17.3&#8243; _module_preset=&#8221;default&#8221; background_image=&#8221;https:\/\/mobinteg.com\/wp-content\/uploads\/2022\/05\/video-frame.png&#8221; background_enable_video_mp4=&#8221;off&#8221; custom_css_after=&#8221;content: %22%22;||display: block;||position: absolute;||top: 0;||left: 0;||width: 100%;||height: 100%;||background-color: rgba(0,153,255,0.4);||z-index: 1;&#8221; global_module=&#8221;9872&#8243; locked=&#8221;off&#8221; global_colors_info=&#8221;{}&#8221;][et_pb_row _builder_version=&#8221;4.17.3&#8243; _module_preset=&#8221;default&#8221; global_colors_info=&#8221;{}&#8221;][et_pb_column type=&#8221;4_4&#8243; _builder_version=&#8221;4.17.3&#8243; _module_preset=&#8221;default&#8221; global_colors_info=&#8221;{}&#8221;][et_pb_text _builder_version=&#8221;4.17.4&#8243; _dynamic_attributes=&#8221;content&#8221; _module_preset=&#8221;default&#8221; text_font=&#8221;Montserrat|800|||||||&#8221; text_text_color=&#8221;#FFFFFF&#8221; header_font=&#8221;|800|||||||&#8221; header_text_color=&#8221;#FFFFFF&#8221; custom_padding=&#8221;100px||100px||true|false&#8221; global_colors_info=&#8221;{}&#8221;]@ET-DC@eyJkeW5hbWljIjp0cnVlLCJjb250ZW50IjoicG9zdF90aXRsZSIsInNldHRpbmdzIjp7ImJlZm9yZSI6IiIsImFmdGVyIjoiIn19@[\/et_pb_text][\/et_pb_column][\/et_pb_row][\/et_pb_section][et_pb_section fb_built=&#8221;1&#8243; _builder_version=&#8221;4.17.3&#8243; _module_preset=&#8221;default&#8221; global_colors_info=&#8221;{}&#8221;][et_pb_row column_structure=&#8221;1_2,1_2&#8243; _builder_version=&#8221;4.17.4&#8243; _module_preset=&#8221;default&#8221; custom_css_main_element=&#8221;  display: flex;||  align-items: center;||  justify-content: center;&#8221; global_colors_info=&#8221;{}&#8221; custom_css_main_element_last_edited=&#8221;on|tablet&#8221; custom_css_main_element_tablet=&#8221;display:block;&#8221; custom_css_main_element_phone=&#8221;display:block;&#8221;][et_pb_column type=&#8221;1_2&#8243; _builder_version=&#8221;4.17.3&#8243; _module_preset=&#8221;default&#8221; global_colors_info=&#8221;{}&#8221;][et_pb_text _builder_version=&#8221;4.17.4&#8243; _module_preset=&#8221;8ab12279-bc26-4c75-8b0f-a03a38da1c3f&#8221; global_colors_info=&#8221;{}&#8221;]<\/p>\n<p>A mobinteg volta ao Web Summit, este ano em &#8220;dose dupla&#8221;. A empresa tecnol\u00f3gica portuguesa, especializada em solu\u00e7\u00f5es m\u00f3veis e Internet das Coisas (IoT), ter\u00e1 n\u00e3o um mas dois stands na maior confer\u00eancia tecnol\u00f3gica do mundo, com duas solu\u00e7\u00f5es diferentes: SMIITY e &#8216;T\u00e1 Pedido. A &#8216;T\u00e1 Pedido ser\u00e1 oficialmente apresentada na edi\u00e7\u00e3o deste ano.<\/p>\n<p>No Web Summit, a plataforma &#8216;T\u00e1 Pedido \u00e9 classificada como um projecto Alfa e ser\u00e1 apresentada no dia 7 de Novembro, no stand A-625 (\u00c1rea de Viagens). E a SMIITY, o projecto Beta da mobinteg, estar\u00e1 no stand B-408 (Lifestyle, Recreation &amp; Wellness are) no dia 9 de Novembro.<\/p>\n<p>&#8220;Queremos mostrar, de Portugal para o Mundo, os produtos inovadores e diferenciadores que temos vindo a desenvolver&#8221;, diz Fernando Pinto, CEO da mobinteg, sobre a presen\u00e7a da empresa na Cimeira Web.<\/p>\n<p>Leia mais em <a href=\"http:\/\/www.portugalglobal.pt\/PT\/PortugalNews\/Paginas\/NewDetail.aspx?newId=%7B489B0E9D-5888-427D-BAD3-B729A0321658%7D\" target=\"_blank\" rel=\"noopener noreferrer\">Portugalglobal<\/a>.<\/p>\n<p>[\/et_pb_text][\/et_pb_column][et_pb_column type=&#8221;1_2&#8243; _builder_version=&#8221;4.17.3&#8243; _module_preset=&#8221;default&#8221; global_colors_info=&#8221;{}&#8221;][et_pb_image src=&#8221;https:\/\/mobinteg.com\/wp-content\/uploads\/2017\/11\/web-summit-2017-4.jpg&#8221; title_text=&#8221;web summit 2017 4&#8243; force_fullwidth=&#8221;on&#8221; _builder_version=&#8221;4.17.3&#8243; _module_preset=&#8221;default&#8221; global_colors_info=&#8221;{}&#8221;][\/et_pb_image][\/et_pb_column][\/et_pb_row][\/et_pb_section]<\/p>\n","protected":false},"excerpt":{"rendered":"<p>A mobinteg vai voltar ao Web Summit, este ano em &#8220;dose dupla&#8221;. A empresa tecnol\u00f3gica portuguesa, especializada em solu\u00e7\u00f5es m\u00f3veis e Internet das Coisas (IoT), ter\u00e1 n\u00e3o um mas dois stands na maior confer\u00eancia tecnol\u00f3gica do mundo, com duas solu\u00e7\u00f5es diferentes: SMIITY e &#8216;T\u00e1 Pedido. A &#8216;T\u00e1 Pedido ser\u00e1 oficialmente apresentada na edi\u00e7\u00e3o deste ano.<\/p>\n","protected":false},"author":1,"featured_media":8146,"comment_status":"closed","ping_status":"closed","sticky":false,"template":"","format":"standard","meta":{"_et_pb_use_builder":"on","_et_pb_old_content":"mobinteg will return to Web Summit, this year in \u201cdouble dose\u201d. The Portuguese technology company, specialized in mobile and Internet of Things (IoT) solutions, will have not one but two stands in the World\u2019s largest technology conference, with two different solutions.\u00a0SMIITY\u00a0\u00a0and \u2018T\u00e1 Pedido. \u2018T\u00e1 Pedido will be officially presented in this year\u2019s edition.\r\n\r\nAt Web Summit, the 'T\u00e1 Pedido platform is classified as an Alpha project and will be presented on November 7th, at stand A-625 (Travel area). And SMIITY, the Beta project by mobinteg, will be on stand B-408 (Lifestyle, Recreation & Wellness are) on November 9th.\r\n\r\n\"We want to show, from Portugal to the World, the innovative and differentiating products we have been developing,\" says Fernando Pinto, CEO of mobinteg, about the company's presence at Web Summit.\r\n\r\nRead more at <a href=\"http:\/\/www.portugalglobal.pt\/PT\/PortugalNews\/Paginas\/NewDetail.aspx?newId=%7B489B0E9D-5888-427D-BAD3-B729A0321658%7D\" target=\"_blank\" rel=\"noopener noreferrer\">Portugalglobal<\/a>.","_et_gb_content_width":"","inline_featured_image":false,"footnotes":""},"categories":[38,31],"tags":[],"class_list":["post-10561","post","type-post","status-publish","format-standard","has-post-thumbnail","hentry","category-mobinteg-pt","category-noticias"],"_links":{"self":[{"href":"https:\/\/mobinteg.com\/pt-pt\/wp-json\/wp\/v2\/posts\/10561","targetHints":{"allow":["GET"]}}],"collection":[{"href":"https:\/\/mobinteg.com\/pt-pt\/wp-json\/wp\/v2\/posts"}],"about":[{"href":"https:\/\/mobinteg.com\/pt-pt\/wp-json\/wp\/v2\/types\/post"}],"author":[{"embeddable":true,"href":"https:\/\/mobinteg.com\/pt-pt\/wp-json\/wp\/v2\/users\/1"}],"replies":[{"embeddable":true,"href":"https:\/\/mobinteg.com\/pt-pt\/wp-json\/wp\/v2\/comments?post=10561"}],"version-history":[{"count":6,"href":"https:\/\/mobinteg.com\/pt-pt\/wp-json\/wp\/v2\/posts\/10561\/revisions"}],"predecessor-version":[{"id":11108,"href":"https:\/\/mobinteg.com\/pt-pt\/wp-json\/wp\/v2\/posts\/10561\/revisions\/11108"}],"wp:featuredmedia":[{"embeddable":true,"href":"https:\/\/mobinteg.com\/pt-pt\/wp-json\/wp\/v2\/media\/8146"}],"wp:attachment":[{"href":"https:\/\/mobinteg.com\/pt-pt\/wp-json\/wp\/v2\/media?parent=10561"}],"wp:term":[{"taxonomy":"category","embeddable":true,"href":"https:\/\/mobinteg.com\/pt-pt\/wp-json\/wp\/v2\/categories?post=10561"},{"taxonomy":"post_tag","embeddable":true,"href":"https:\/\/mobinteg.com\/pt-pt\/wp-json\/wp\/v2\/tags?post=10561"}],"curies":[{"name":"wp","href":"https:\/\/api.w.org\/{rel}","templated":true}]}}