{"id":10568,"date":"2017-10-19T15:53:42","date_gmt":"2017-10-19T15:53:42","guid":{"rendered":"https:\/\/mobinteg.com\/smiity-will-folio-literary-festival-obidos\/"},"modified":"2022-06-03T12:11:58","modified_gmt":"2022-06-03T12:11:58","slug":"smiity-folio-festival-literario-obidos","status":"publish","type":"post","link":"https:\/\/mobinteg.com\/pt-pt\/smiity-folio-festival-literario-obidos\/","title":{"rendered":"A SMIITY vai estar no FOLIO, o Festival Liter\u00e1rio de \u00d3bidos"},"content":{"rendered":"<p>[et_pb_section fb_built=&#8221;1&#8243; admin_label=&#8221;Header&#8221; module_class=&#8221;general-header&#8221; _builder_version=&#8221;4.17.3&#8243; _module_preset=&#8221;default&#8221; background_image=&#8221;https:\/\/mobinteg.com\/wp-content\/uploads\/2022\/05\/video-frame.png&#8221; background_enable_video_mp4=&#8221;off&#8221; custom_css_after=&#8221;content: %22%22;||display: block;||position: absolute;||top: 0;||left: 0;||width: 100%;||height: 100%;||background-color: rgba(0,153,255,0.4);||z-index: 1;&#8221; global_module=&#8221;9872&#8243; locked=&#8221;off&#8221; global_colors_info=&#8221;{}&#8221;][et_pb_row _builder_version=&#8221;4.17.3&#8243; _module_preset=&#8221;default&#8221; global_colors_info=&#8221;{}&#8221;][et_pb_column type=&#8221;4_4&#8243; _builder_version=&#8221;4.17.3&#8243; _module_preset=&#8221;default&#8221; global_colors_info=&#8221;{}&#8221;][et_pb_text _builder_version=&#8221;4.17.4&#8243; _dynamic_attributes=&#8221;content&#8221; _module_preset=&#8221;default&#8221; text_font=&#8221;Montserrat|800|||||||&#8221; text_text_color=&#8221;#FFFFFF&#8221; header_font=&#8221;|800|||||||&#8221; header_text_color=&#8221;#FFFFFF&#8221; custom_padding=&#8221;100px||100px||true|false&#8221; global_colors_info=&#8221;{}&#8221;]@ET-DC@eyJkeW5hbWljIjp0cnVlLCJjb250ZW50IjoicG9zdF90aXRsZSIsInNldHRpbmdzIjp7ImJlZm9yZSI6IiIsImFmdGVyIjoiIn19@[\/et_pb_text][\/et_pb_column][\/et_pb_row][\/et_pb_section][et_pb_section fb_built=&#8221;1&#8243; _builder_version=&#8221;4.17.3&#8243; _module_preset=&#8221;default&#8221; global_colors_info=&#8221;{}&#8221;][et_pb_row column_structure=&#8221;1_2,1_2&#8243; _builder_version=&#8221;4.17.4&#8243; _module_preset=&#8221;default&#8221; custom_css_main_element=&#8221;  display: flex;||  align-items: center;||  justify-content: center;&#8221; global_colors_info=&#8221;{}&#8221; custom_css_main_element_last_edited=&#8221;on|tablet&#8221; custom_css_main_element_tablet=&#8221;display:block;&#8221; custom_css_main_element_phone=&#8221;display:block;&#8221;][et_pb_column type=&#8221;1_2&#8243; _builder_version=&#8221;4.17.3&#8243; _module_preset=&#8221;default&#8221; global_colors_info=&#8221;{}&#8221;][et_pb_text _builder_version=&#8221;4.17.4&#8243; _module_preset=&#8221;8ab12279-bc26-4c75-8b0f-a03a38da1c3f&#8221; hover_enabled=&#8221;0&#8243; global_colors_info=&#8221;{}&#8221; sticky_enabled=&#8221;0&#8243;]<\/p>\n<p>De 19 a 29 de Outubro, a SMIITY estar\u00e1 na FOLIO, o Festival Liter\u00e1rio de \u00d3bidos. A app fornecer\u00e1 conte\u00fados e informa\u00e7\u00f5es especiais a todos os visitantes durante o evento.<\/p>\n<p>Ao utilizar a SMIITY, os utilizadores receber\u00e3o notifica\u00e7\u00f5es push com o programa ou informa\u00e7\u00e3o exclusiva sempre que passarem por um dos beacons instalados nas principais atrac\u00e7\u00f5es, tais como a Pra\u00e7a da Criatividade, a Casa Tinta da China e a Tenda dos Concertos, bem como as livrarias e museus associados, como a Livraria Adega, a Livraria Santiago, a Galeria Pelourinho ou o Museu Municipal.<\/p>\n<p>Saiba mais sobre o evento <a href=\"http:\/\/foliofestival.com\/\" target=\"_blank\" rel=\"noopener noreferrer\">aqui<\/a>.<\/p>\n<p>[\/et_pb_text][\/et_pb_column][et_pb_column type=&#8221;1_2&#8243; _builder_version=&#8221;4.17.3&#8243; _module_preset=&#8221;default&#8221; global_colors_info=&#8221;{}&#8221;][et_pb_image src=&#8221;https:\/\/mobinteg.com\/wp-content\/uploads\/2017\/10\/22279593_1952058775066327_7891623035709823673_n-702&#215;320.jpg&#8221; title_text=&#8221;22279593_1952058775066327_7891623035709823673_n-702&#215;320&#8243; force_fullwidth=&#8221;on&#8221; _builder_version=&#8221;4.17.3&#8243; _module_preset=&#8221;default&#8221; global_colors_info=&#8221;{}&#8221;][\/et_pb_image][\/et_pb_column][\/et_pb_row][\/et_pb_section]<\/p>\n","protected":false},"excerpt":{"rendered":"<p>De 19 a 29 de Outubro, a SMIITY estar\u00e1 na FOLIO, a Festival Liter\u00e1rio de \u00d3bidos. A app fornecer\u00e1 conte\u00fados e informa\u00e7\u00f5es especiais a todos os visitantes durante o evento.<\/p>\n","protected":false},"author":1,"featured_media":8142,"comment_status":"closed","ping_status":"closed","sticky":false,"template":"","format":"standard","meta":{"_et_pb_use_builder":"on","_et_pb_old_content":"From October 19-29, SMIITY\u00a0will be at FOLIO, the Literary Festival of \u00d3bidos. The app will provide special contents and information to all visitors during the event.\r\n\r\nUsing SMIITY, the users will receive push notifications with the program or exclusive information everytime they pass by one of the beacons installed in the main attractions, such as Creativity Square, Tinta da China House and Concerts Tent, as well as the associated bookshops and museums, like Adega Bookstore,\u00a0Santiago Bookstore, Pelourinho Gallery or the Municipal Museum.\r\n\r\nKnow more about the event <a href=\"http:\/\/foliofestival.com\/\" target=\"_blank\" rel=\"noopener noreferrer\">here<\/a>.","_et_gb_content_width":"","inline_featured_image":false,"footnotes":""},"categories":[38,37,3,31],"tags":[],"class_list":["post-10568","post","type-post","status-publish","format-standard","has-post-thumbnail","hentry","category-mobinteg-pt","category-mobinteg","category-news","category-noticias"],"_links":{"self":[{"href":"https:\/\/mobinteg.com\/pt-pt\/wp-json\/wp\/v2\/posts\/10568","targetHints":{"allow":["GET"]}}],"collection":[{"href":"https:\/\/mobinteg.com\/pt-pt\/wp-json\/wp\/v2\/posts"}],"about":[{"href":"https:\/\/mobinteg.com\/pt-pt\/wp-json\/wp\/v2\/types\/post"}],"author":[{"embeddable":true,"href":"https:\/\/mobinteg.com\/pt-pt\/wp-json\/wp\/v2\/users\/1"}],"replies":[{"embeddable":true,"href":"https:\/\/mobinteg.com\/pt-pt\/wp-json\/wp\/v2\/comments?post=10568"}],"version-history":[{"count":7,"href":"https:\/\/mobinteg.com\/pt-pt\/wp-json\/wp\/v2\/posts\/10568\/revisions"}],"predecessor-version":[{"id":11117,"href":"https:\/\/mobinteg.com\/pt-pt\/wp-json\/wp\/v2\/posts\/10568\/revisions\/11117"}],"wp:featuredmedia":[{"embeddable":true,"href":"https:\/\/mobinteg.com\/pt-pt\/wp-json\/wp\/v2\/media\/8142"}],"wp:attachment":[{"href":"https:\/\/mobinteg.com\/pt-pt\/wp-json\/wp\/v2\/media?parent=10568"}],"wp:term":[{"taxonomy":"category","embeddable":true,"href":"https:\/\/mobinteg.com\/pt-pt\/wp-json\/wp\/v2\/categories?post=10568"},{"taxonomy":"post_tag","embeddable":true,"href":"https:\/\/mobinteg.com\/pt-pt\/wp-json\/wp\/v2\/tags?post=10568"}],"curies":[{"name":"wp","href":"https:\/\/api.w.org\/{rel}","templated":true}]}}