{"id":10596,"date":"2017-09-08T14:52:12","date_gmt":"2017-09-08T14:52:12","guid":{"rendered":"https:\/\/mobinteg.com\/beacons-arrive-ferreira-alentejo\/"},"modified":"2022-06-03T14:59:27","modified_gmt":"2022-06-03T14:59:27","slug":"beacons-chegam-ferreira-alentejo","status":"publish","type":"post","link":"https:\/\/mobinteg.com\/pt-pt\/beacons-chegam-ferreira-alentejo\/","title":{"rendered":"Beacons chegam a Ferreira do Alentejo"},"content":{"rendered":"<p>[et_pb_section fb_built=&#8221;1&#8243; admin_label=&#8221;Header&#8221; module_class=&#8221;general-header&#8221; _builder_version=&#8221;4.17.3&#8243; _module_preset=&#8221;default&#8221; background_image=&#8221;https:\/\/mobinteg.com\/wp-content\/uploads\/2022\/05\/video-frame.png&#8221; background_enable_video_mp4=&#8221;off&#8221; custom_css_after=&#8221;content: %22%22;||display: block;||position: absolute;||top: 0;||left: 0;||width: 100%;||height: 100%;||background-color: rgba(0,153,255,0.4);||z-index: 1;&#8221; global_module=&#8221;9872&#8243; locked=&#8221;off&#8221; global_colors_info=&#8221;{}&#8221;][et_pb_row _builder_version=&#8221;4.17.3&#8243; _module_preset=&#8221;default&#8221; global_colors_info=&#8221;{}&#8221;][et_pb_column type=&#8221;4_4&#8243; _builder_version=&#8221;4.17.3&#8243; _module_preset=&#8221;default&#8221; global_colors_info=&#8221;{}&#8221;][et_pb_text _builder_version=&#8221;4.17.4&#8243; _dynamic_attributes=&#8221;content&#8221; _module_preset=&#8221;default&#8221; text_font=&#8221;Montserrat|800|||||||&#8221; text_text_color=&#8221;#FFFFFF&#8221; header_font=&#8221;|800|||||||&#8221; header_text_color=&#8221;#FFFFFF&#8221; custom_padding=&#8221;100px||100px||true|false&#8221; global_colors_info=&#8221;{}&#8221;]@ET-DC@eyJkeW5hbWljIjp0cnVlLCJjb250ZW50IjoicG9zdF90aXRsZSIsInNldHRpbmdzIjp7ImJlZm9yZSI6IiIsImFmdGVyIjoiIn19@[\/et_pb_text][\/et_pb_column][\/et_pb_row][\/et_pb_section][et_pb_section fb_built=&#8221;1&#8243; _builder_version=&#8221;4.17.3&#8243; _module_preset=&#8221;default&#8221; global_colors_info=&#8221;{}&#8221;][et_pb_row column_structure=&#8221;1_2,1_2&#8243; _builder_version=&#8221;4.17.4&#8243; _module_preset=&#8221;default&#8221; custom_css_main_element=&#8221;  display: flex;||  align-items: center;||  justify-content: center;&#8221; global_colors_info=&#8221;{}&#8221; custom_css_main_element_last_edited=&#8221;on|tablet&#8221; custom_css_main_element_tablet=&#8221;display: block;&#8221; custom_css_main_element_phone=&#8221;display: block;&#8221;][et_pb_column type=&#8221;1_2&#8243; _builder_version=&#8221;4.17.3&#8243; _module_preset=&#8221;default&#8221; global_colors_info=&#8221;{}&#8221;][et_pb_text _builder_version=&#8221;4.17.4&#8243; _module_preset=&#8221;8ab12279-bc26-4c75-8b0f-a03a38da1c3f&#8221; hover_enabled=&#8221;0&#8243; global_colors_info=&#8221;{}&#8221; sticky_enabled=&#8221;0&#8243;]<\/p>\n<p>Chegou o momento de Ferreira do Alentejo. Depois de ter chegado recentemente \u00e0 Madeira e \u00d3bidos, a plataforma SMIITY, desenvolvida pela empresa portuguesa mobinteg, chegou agora a esta vila no distrito de Beja para servir de guia para todos, turistas e residentes.<\/p>\n<p>\u00c9 atrav\u00e9s de pequenos dispositivos com tecnologia Bluetooth &#8211; os beacons &#8211; que a solu\u00e7\u00e3o agora dispon\u00edvel no Alentejo permite o envio autom\u00e1tico de informa\u00e7\u00e3o relevante e contextual a todos os smartphones que instalaram a aplica\u00e7\u00e3o SMIITY.<\/p>\n<p>A tecnologia de beacons permite a interac\u00e7\u00e3o entre os pequenos emissores instalados e os dispositivos m\u00f3veis, permitindo aos residentes e visitantes receberem informa\u00e7\u00f5es relevantes, sempre de acordo com os locais para onde v\u00e3o.<\/p>\n<p>Leia mais em <a href=\"http:\/\/www.smart-cities.pt\/pt\/noticia\/beacon-ferreira089alentejo\/\" target=\"_blank\" rel=\"noopener noreferrer\">Revista Smart Cities<\/a>.<\/p>\n<p>[\/et_pb_text][\/et_pb_column][et_pb_column type=&#8221;1_2&#8243; _builder_version=&#8221;4.17.3&#8243; _module_preset=&#8221;default&#8221; global_colors_info=&#8221;{}&#8221;][et_pb_image src=&#8221;https:\/\/mobinteg.com\/wp-content\/uploads\/2017\/10\/0809fealentejo.png&#8221; title_text=&#8221;0809fealentejo&#8221; force_fullwidth=&#8221;on&#8221; _builder_version=&#8221;4.17.3&#8243; _module_preset=&#8221;default&#8221; global_colors_info=&#8221;{}&#8221;][\/et_pb_image][\/et_pb_column][\/et_pb_row][\/et_pb_section]<\/p>\n","protected":false},"excerpt":{"rendered":"<p>Chegou o momento de Ferreira do Alentejo. Depois de ter chegado recentemente \u00e0 Madeira e \u00d3bidos, a plataforma SMIITY, desenvolvida pela empresa portuguesa mobinteg, chegou agora a esta vila no distrito de Beja para servir de guia para todos, turistas e residentes.<\/p>\n","protected":false},"author":1,"featured_media":8136,"comment_status":"closed","ping_status":"closed","sticky":false,"template":"","format":"standard","meta":{"_et_pb_use_builder":"on","_et_pb_old_content":"The time came for Ferreira do Alentejo. After having recently arrived to Madeira and \u00d3bidos, the SMIITY platform, developed by the Portuguese company mobinteg, has now arrived to this village in the Beja district to serve as a guide for all, tourists and residents.\r\n\r\nIt is through small devices with Bluetooth technology - the beacons - that the solution now available in Alentejo makes it possible to automatically send relevant and contextual information to all smartphones that have installed the SMIITY\u00a0app.\r\n\r\nThe beacon technology allows the interaction between the small emitters installed and the mobile devices, allowing residents and visitors to receive relevant information, always according to the places where they are going.\r\n\r\nRead more at <a href=\"http:\/\/www.smart-cities.pt\/pt\/noticia\/beacon-ferreira089alentejo\/\" target=\"_blank\" rel=\"noopener noreferrer\">Revista Smart Cities<\/a>.","_et_gb_content_width":"","inline_featured_image":false,"footnotes":""},"categories":[38,31,36],"tags":[],"class_list":["post-10596","post","type-post","status-publish","format-standard","has-post-thumbnail","hentry","category-mobinteg-pt","category-noticias","category-parceiros-e-clientes"],"_links":{"self":[{"href":"https:\/\/mobinteg.com\/pt-pt\/wp-json\/wp\/v2\/posts\/10596","targetHints":{"allow":["GET"]}}],"collection":[{"href":"https:\/\/mobinteg.com\/pt-pt\/wp-json\/wp\/v2\/posts"}],"about":[{"href":"https:\/\/mobinteg.com\/pt-pt\/wp-json\/wp\/v2\/types\/post"}],"author":[{"embeddable":true,"href":"https:\/\/mobinteg.com\/pt-pt\/wp-json\/wp\/v2\/users\/1"}],"replies":[{"embeddable":true,"href":"https:\/\/mobinteg.com\/pt-pt\/wp-json\/wp\/v2\/comments?post=10596"}],"version-history":[{"count":6,"href":"https:\/\/mobinteg.com\/pt-pt\/wp-json\/wp\/v2\/posts\/10596\/revisions"}],"predecessor-version":[{"id":11149,"href":"https:\/\/mobinteg.com\/pt-pt\/wp-json\/wp\/v2\/posts\/10596\/revisions\/11149"}],"wp:featuredmedia":[{"embeddable":true,"href":"https:\/\/mobinteg.com\/pt-pt\/wp-json\/wp\/v2\/media\/8136"}],"wp:attachment":[{"href":"https:\/\/mobinteg.com\/pt-pt\/wp-json\/wp\/v2\/media?parent=10596"}],"wp:term":[{"taxonomy":"category","embeddable":true,"href":"https:\/\/mobinteg.com\/pt-pt\/wp-json\/wp\/v2\/categories?post=10596"},{"taxonomy":"post_tag","embeddable":true,"href":"https:\/\/mobinteg.com\/pt-pt\/wp-json\/wp\/v2\/tags?post=10596"}],"curies":[{"name":"wp","href":"https:\/\/api.w.org\/{rel}","templated":true}]}}