{"id":10644,"date":"2017-05-31T11:43:59","date_gmt":"2017-05-31T11:43:59","guid":{"rendered":"https:\/\/mobinteg.com\/secretario-regional-fala-sobre-smiity-revista-smart-cities\/"},"modified":"2022-06-03T16:08:45","modified_gmt":"2022-06-03T16:08:45","slug":"secretario-regional-smiity-smart-cities","status":"publish","type":"post","link":"https:\/\/mobinteg.com\/pt-pt\/secretario-regional-smiity-smart-cities\/","title":{"rendered":"Secret\u00e1rio Regional fala sobre SMIITY \u00e0 revista Smart Cities"},"content":{"rendered":"<p>[et_pb_section fb_built=&#8221;1&#8243; admin_label=&#8221;Header&#8221; module_class=&#8221;general-header&#8221; _builder_version=&#8221;4.17.3&#8243; _module_preset=&#8221;default&#8221; background_image=&#8221;https:\/\/mobinteg.com\/wp-content\/uploads\/2022\/05\/video-frame.png&#8221; background_enable_video_mp4=&#8221;off&#8221; custom_css_after=&#8221;content: %22%22;||display: block;||position: absolute;||top: 0;||left: 0;||width: 100%;||height: 100%;||background-color: rgba(0,153,255,0.4);||z-index: 1;&#8221; global_module=&#8221;9872&#8243; locked=&#8221;off&#8221; global_colors_info=&#8221;{}&#8221;][et_pb_row _builder_version=&#8221;4.17.3&#8243; _module_preset=&#8221;default&#8221; global_colors_info=&#8221;{}&#8221;][et_pb_column type=&#8221;4_4&#8243; _builder_version=&#8221;4.17.3&#8243; _module_preset=&#8221;default&#8221; global_colors_info=&#8221;{}&#8221;][et_pb_text _builder_version=&#8221;4.17.4&#8243; _dynamic_attributes=&#8221;content&#8221; _module_preset=&#8221;default&#8221; text_font=&#8221;Montserrat|800|||||||&#8221; text_text_color=&#8221;#FFFFFF&#8221; header_font=&#8221;|800|||||||&#8221; header_text_color=&#8221;#FFFFFF&#8221; custom_padding=&#8221;100px||100px||true|false&#8221; global_colors_info=&#8221;{}&#8221;]@ET-DC@eyJkeW5hbWljIjp0cnVlLCJjb250ZW50IjoicG9zdF90aXRsZSIsInNldHRpbmdzIjp7ImJlZm9yZSI6IiIsImFmdGVyIjoiIn19@[\/et_pb_text][\/et_pb_column][\/et_pb_row][\/et_pb_section][et_pb_section fb_built=&#8221;1&#8243; _builder_version=&#8221;4.17.3&#8243; _module_preset=&#8221;default&#8221; global_colors_info=&#8221;{}&#8221;][et_pb_row column_structure=&#8221;1_2,1_2&#8243; _builder_version=&#8221;4.17.4&#8243; _module_preset=&#8221;default&#8221; custom_margin=&#8221;||0px||false|false&#8221; custom_padding=&#8221;||0px||false|false&#8221; custom_css_main_element=&#8221;  display: flex;||  align-items: center;||  justify-content: center;&#8221; global_colors_info=&#8221;{}&#8221; custom_css_main_element_last_edited=&#8221;on|tablet&#8221; custom_css_main_element_tablet=&#8221;display: block;&#8221; custom_css_main_element_phone=&#8221;display: block;&#8221;][et_pb_column type=&#8221;1_2&#8243; _builder_version=&#8221;4.17.3&#8243; _module_preset=&#8221;default&#8221; global_colors_info=&#8221;{}&#8221;][et_pb_text _builder_version=&#8221;4.17.4&#8243; _module_preset=&#8221;8ab12279-bc26-4c75-8b0f-a03a38da1c3f&#8221; hover_enabled=&#8221;0&#8243; global_colors_info=&#8221;{}&#8221; sticky_enabled=&#8221;0&#8243;]<\/p>\n<p>O Secret\u00e1rio Regional da Economia, Turismo e Cultura da Madeira, Eduardo Jesus, numa entrevista \u00e0 revista Smart Cities, comentou a implementa\u00e7\u00e3o da solu\u00e7\u00e3o SMIITY naquela Regi\u00e3o Aut\u00f3noma, bem como as vantagens para a popula\u00e7\u00e3o e o turismo.<\/p>\n<p>&#8220;Acreditamos que a plataforma SMIITY responde positivamente \u00e0s necessidades identificadas e contribui, ao mesmo tempo, para a afirma\u00e7\u00e3o da Madeira no campo da inova\u00e7\u00e3o e utiliza\u00e7\u00e3o das novas tecnologias em prol da comunidade, aposta que, de facto, \u00e9 vis\u00edvel noutras \u00e1reas e noutros projectos que temos vindo a desenvolver nesta Regi\u00e3o, com particular \u00eanfase no turismo&#8221;, disse Eduardo Jesus, sobre como a implementa\u00e7\u00e3o da SMIITY se enquadra na estrat\u00e9gia da cidade do Funchal e da Regi\u00e3o.<\/p>\n<p>[\/et_pb_text][\/et_pb_column][et_pb_column type=&#8221;1_2&#8243; _builder_version=&#8221;4.17.3&#8243; _module_preset=&#8221;default&#8221; global_colors_info=&#8221;{}&#8221;][et_pb_image src=&#8221;https:\/\/mobinteg.com\/wp-content\/uploads\/2017\/05\/eduardo-jesus.png&#8221; title_text=&#8221;eduardo jesus&#8221; force_fullwidth=&#8221;on&#8221; _builder_version=&#8221;4.17.3&#8243; _module_preset=&#8221;default&#8221; global_colors_info=&#8221;{}&#8221;][\/et_pb_image][\/et_pb_column][\/et_pb_row][et_pb_row _builder_version=&#8221;4.17.3&#8243; _module_preset=&#8221;default&#8221; global_colors_info=&#8221;{}&#8221;][et_pb_column type=&#8221;4_4&#8243; _builder_version=&#8221;4.17.3&#8243; _module_preset=&#8221;default&#8221; global_colors_info=&#8221;{}&#8221;][et_pb_text _builder_version=&#8221;4.17.4&#8243; _module_preset=&#8221;8ab12279-bc26-4c75-8b0f-a03a38da1c3f&#8221; hover_enabled=&#8221;0&#8243; global_colors_info=&#8221;{}&#8221; sticky_enabled=&#8221;0&#8243;]<\/p>\n<p>Quanto \u00e0 expans\u00e3o da SMIITY para mais locais dentro do Funchal e tamb\u00e9m no resto da Madeira, Eduardo Jesus diz que &#8220;neste momento, est\u00e3o definidos quase duas d\u00fazias de pontos de interesse na cidade do Funchal, onde as balizas ser\u00e3o instaladas. &#8220;A ideia \u00e9 que podemos crescer gradualmente, aumentando o n\u00famero de balizas nesta cidade e em toda a regi\u00e3o. Na pr\u00e1tica, estamos a falar de uma nova estrat\u00e9gia de comunica\u00e7\u00e3o, destinada, fundamentalmente, a quem nos visita&#8221;, acrescenta o Secret\u00e1rio Regional.<\/p>\n<p style=\"text-align: center;\"><em>Pode ler o artigo completo na edi\u00e7\u00e3o de Abril-Maio-Junho da revista Smart Cities.\u00a0<\/em><\/p>\n<p><strong>Fonte:<\/strong> Smart Cities.<\/p>\n<p>[\/et_pb_text][\/et_pb_column][\/et_pb_row][\/et_pb_section]<\/p>\n","protected":false},"excerpt":{"rendered":"<p>O Secret\u00e1rio Regional da Economia, Turismo e Cultura da Madeira, Eduardo Jesus, em entrevista \u00e0 revista Smart Cities, comentou a implementa\u00e7\u00e3o da solu\u00e7\u00e3o SMIITY naquela Regi\u00e3o Aut\u00f3noma, bem como as vantagens para a popula\u00e7\u00e3o e para o turismo.<\/p>\n","protected":false},"author":1,"featured_media":8083,"comment_status":"closed","ping_status":"closed","sticky":false,"template":"","format":"standard","meta":{"_et_pb_use_builder":"on","_et_pb_old_content":"<h1>Secret\u00e1rio Regional fala sobre a SMIITY \u00e0 revista Smart Cities<\/h1><p>\u00a0<\/p><p>O Secret\u00e1rio Regional da Economia, Turismo e Cultura da Madeira, Eduardo Jesus, em entrevista \u00e0 revista Smart Cities, comentou a implementa\u00e7\u00e3o da solu\u00e7\u00e3o SMIITY naquela Regi\u00e3o Aut\u00f3noma, bem como as vantagens para a popula\u00e7\u00e3o e para o turismo.<\/p><p>\"Julgamos que a plataforma SMIITY responde, positivamente, \u00e0s necessidades identificadas e contribui, ao mesmo tempo, para a afirma\u00e7\u00e3o da Madeira no campo da inova\u00e7\u00e3o e da utiliza\u00e7\u00e3o das novas tecnologias, a favor da comunidade, uma aposta que, ali\u00e1s, \u00e9 vis\u00edvel em outras \u00e1reas e noutros projectos que temos vindo a desenvolver nesta regi\u00e3o, com particular incid\u00eancia no turismo\", afirma Eduardo Jesus, sobre a forma como a implementa\u00e7\u00e3o da SMIITY est\u00e1 enquadrada na estrat\u00e9gia da cidade do Funchal e da regi\u00e3o.<\/p><p>Quanto \u00e0 expans\u00e3o da SMIITY para mais locais dentro do Funchal e tamb\u00e9m no restante territ\u00f3rio madeirense, Eduardo Jesus refere que \"neste momento, est\u00e3o definidas quase duas dezenas de pontos de interesse na cidade do Funchal, onde ser\u00e3o instalados os beacons\". \"A ideia \u00e9 que possamos crescer gradualmente, alargando o n\u00famero de emissores nesta cidade e em toda a regi\u00e3o. Na pr\u00e1tica, estamos a falar de uma nova estrat\u00e9gia de comunica\u00e7\u00e3o, destinada, fundamentalmente, a quem nos visita\", acrescenta o Secret\u00e1rio Regional.<\/p><p style=\"text-align: center;\"><em>Poder\u00e1 ler o artigo na \u00edntegra na edi\u00e7\u00e3o de abril-maio-junho da revista Smart Cities.\u00a0<\/em><\/p><p><strong>Fonte:<\/strong> Smart Cities.<\/p><p>\u00a0<\/p>","_et_gb_content_width":"","inline_featured_image":false,"footnotes":""},"categories":[38,37,3,31],"tags":[],"class_list":["post-10644","post","type-post","status-publish","format-standard","has-post-thumbnail","hentry","category-mobinteg-pt","category-mobinteg","category-news","category-noticias"],"_links":{"self":[{"href":"https:\/\/mobinteg.com\/pt-pt\/wp-json\/wp\/v2\/posts\/10644","targetHints":{"allow":["GET"]}}],"collection":[{"href":"https:\/\/mobinteg.com\/pt-pt\/wp-json\/wp\/v2\/posts"}],"about":[{"href":"https:\/\/mobinteg.com\/pt-pt\/wp-json\/wp\/v2\/types\/post"}],"author":[{"embeddable":true,"href":"https:\/\/mobinteg.com\/pt-pt\/wp-json\/wp\/v2\/users\/1"}],"replies":[{"embeddable":true,"href":"https:\/\/mobinteg.com\/pt-pt\/wp-json\/wp\/v2\/comments?post=10644"}],"version-history":[{"count":8,"href":"https:\/\/mobinteg.com\/pt-pt\/wp-json\/wp\/v2\/posts\/10644\/revisions"}],"predecessor-version":[{"id":11301,"href":"https:\/\/mobinteg.com\/pt-pt\/wp-json\/wp\/v2\/posts\/10644\/revisions\/11301"}],"wp:featuredmedia":[{"embeddable":true,"href":"https:\/\/mobinteg.com\/pt-pt\/wp-json\/wp\/v2\/media\/8083"}],"wp:attachment":[{"href":"https:\/\/mobinteg.com\/pt-pt\/wp-json\/wp\/v2\/media?parent=10644"}],"wp:term":[{"taxonomy":"category","embeddable":true,"href":"https:\/\/mobinteg.com\/pt-pt\/wp-json\/wp\/v2\/categories?post=10644"},{"taxonomy":"post_tag","embeddable":true,"href":"https:\/\/mobinteg.com\/pt-pt\/wp-json\/wp\/v2\/tags?post=10644"}],"curies":[{"name":"wp","href":"https:\/\/api.w.org\/{rel}","templated":true}]}}