{"id":10667,"date":"2017-05-10T10:39:58","date_gmt":"2017-05-10T10:39:58","guid":{"rendered":"https:\/\/mobinteg.com\/mobintegs-ceo-among-smartfunchal17-speakers\/"},"modified":"2022-06-03T16:28:11","modified_gmt":"2022-06-03T16:28:11","slug":"mobinteg-ceo-smartfunchal17-oradores","status":"publish","type":"post","link":"https:\/\/mobinteg.com\/pt-pt\/mobinteg-ceo-smartfunchal17-oradores\/","title":{"rendered":"CEO da mobinteg entre os oradores do SmartFunchal&#8217;17"},"content":{"rendered":"<p>[et_pb_section fb_built=&#8221;1&#8243; admin_label=&#8221;Header&#8221; module_class=&#8221;general-header&#8221; _builder_version=&#8221;4.17.3&#8243; _module_preset=&#8221;default&#8221; background_image=&#8221;https:\/\/mobinteg.com\/wp-content\/uploads\/2022\/05\/video-frame.png&#8221; background_enable_video_mp4=&#8221;off&#8221; custom_css_after=&#8221;content: %22%22;||display: block;||position: absolute;||top: 0;||left: 0;||width: 100%;||height: 100%;||background-color: rgba(0,153,255,0.4);||z-index: 1;&#8221; global_module=&#8221;9872&#8243; locked=&#8221;off&#8221; global_colors_info=&#8221;{}&#8221;][et_pb_row _builder_version=&#8221;4.17.3&#8243; _module_preset=&#8221;default&#8221; global_colors_info=&#8221;{}&#8221;][et_pb_column type=&#8221;4_4&#8243; _builder_version=&#8221;4.17.3&#8243; _module_preset=&#8221;default&#8221; global_colors_info=&#8221;{}&#8221;][et_pb_text _builder_version=&#8221;4.17.4&#8243; _dynamic_attributes=&#8221;content&#8221; _module_preset=&#8221;default&#8221; text_font=&#8221;Montserrat|800|||||||&#8221; text_text_color=&#8221;#FFFFFF&#8221; header_font=&#8221;|800|||||||&#8221; header_text_color=&#8221;#FFFFFF&#8221; custom_padding=&#8221;100px||100px||true|false&#8221; global_colors_info=&#8221;{}&#8221;]@ET-DC@eyJkeW5hbWljIjp0cnVlLCJjb250ZW50IjoicG9zdF90aXRsZSIsInNldHRpbmdzIjp7ImJlZm9yZSI6IiIsImFmdGVyIjoiIn19@[\/et_pb_text][\/et_pb_column][\/et_pb_row][\/et_pb_section][et_pb_section fb_built=&#8221;1&#8243; _builder_version=&#8221;4.17.3&#8243; _module_preset=&#8221;default&#8221; global_colors_info=&#8221;{}&#8221;][et_pb_row column_structure=&#8221;1_2,1_2&#8243; _builder_version=&#8221;4.17.4&#8243; _module_preset=&#8221;default&#8221; custom_css_main_element=&#8221;  display: flex;||  align-items: center;||  justify-content: center;&#8221; global_colors_info=&#8221;{}&#8221; custom_css_main_element_last_edited=&#8221;on|tablet&#8221; custom_css_main_element_tablet=&#8221;display: block;&#8221; custom_css_main_element_phone=&#8221;display: block;&#8221;][et_pb_column type=&#8221;1_2&#8243; _builder_version=&#8221;4.17.3&#8243; _module_preset=&#8221;default&#8221; global_colors_info=&#8221;{}&#8221;][et_pb_text _builder_version=&#8221;4.17.4&#8243; _module_preset=&#8221;8ab12279-bc26-4c75-8b0f-a03a38da1c3f&#8221; hover_enabled=&#8221;0&#8243; global_colors_info=&#8221;{}&#8221; sticky_enabled=&#8221;0&#8243;]<\/p>\n<p>Fernando Pinto, CEO da tecnol\u00f3gica portuguesa mobinteg, \u00e9 um dos convidados do SmartFunchal&#8217;17, um evento internacional dedicado \u00e0 discuss\u00e3o e reflex\u00e3o sobre as cidades e o turismo inteligente, que ter\u00e1 lugar na Madeira. O profissional ser\u00e1 um dos oradores do painel &#8220;Smart Destination\/Smart Islands\/Sustainability\/Resilience\/Apps\/Geolocation\/Citizen Engagement&#8221;, agendado para 12 de Maio.<\/p>\n<p>Este bloco destacar\u00e1 os temas que tornam as ilhas t\u00e3o distintas e especiais quando se trata de Turismo e Cidades. As preocupa\u00e7\u00f5es com a sustentabilidade, seja ela energ\u00e9tica, econ\u00f3mica, social, etc., s\u00e3o hoje inevit\u00e1veis, bem como a necessidade de incluir estrat\u00e9gias que garantam a manuten\u00e7\u00e3o e evolu\u00e7\u00e3o desej\u00e1vel do n\u00edvel de vida da popula\u00e7\u00e3o, assegurando um equil\u00edbrio natural e cultural.<\/p>\n<p>Leia mais <a href=\"http:\/\/www.openpr.com\/news\/531009\/mobinteg-s-CEO-among-SmartFunchal-17-speakers.html\" target=\"_blank\" rel=\"noopener noreferrer\">aqui<\/a>.<\/p>\n<p>[\/et_pb_text][\/et_pb_column][et_pb_column type=&#8221;1_2&#8243; _builder_version=&#8221;4.17.3&#8243; _module_preset=&#8221;default&#8221; global_colors_info=&#8221;{}&#8221;][et_pb_image src=&#8221;https:\/\/mobinteg.com\/wp-content\/uploads\/2017\/05\/fernando-pinto.png&#8221; title_text=&#8221;fernando pinto&#8221; force_fullwidth=&#8221;on&#8221; _builder_version=&#8221;4.17.3&#8243; _module_preset=&#8221;default&#8221; global_colors_info=&#8221;{}&#8221;][\/et_pb_image][\/et_pb_column][\/et_pb_row][\/et_pb_section]<\/p>\n","protected":false},"excerpt":{"rendered":"<p>Fernando Pinto, CEO do mobinteg tecnol\u00f3gico portugu\u00eas, \u00e9 um dos convidados do SmartFunchal&#8217;17, um evento internacional dedicado \u00e0 discuss\u00e3o e reflex\u00e3o sobre as cidades e o turismo inteligente, que ter\u00e1 lugar na Madeira. O profissional ser\u00e1 um dos oradores do painel &#8220;Smart Destination\/Smart Islands\/Sustainability\/Resilience\/Apps\/Geolocation\/Citizen Engagement&#8221;, agendado para 12 de Maio.<\/p>\n","protected":false},"author":1,"featured_media":8075,"comment_status":"closed","ping_status":"closed","sticky":false,"template":"","format":"standard","meta":{"_et_pb_use_builder":"on","_et_pb_old_content":"<h1>mobinteg\u2019s CEO among SmartFunchal'17 speakers<\/h1><p>\u00a0<\/p><p>Fernando Pinto, CEO of the Portuguese technological mobinteg, is one of the guests of SmartFunchal'17, an international event dedicated to the discussion and reflection on cities and smart tourism, that will take place in Madeira. The professional will be one of the speakers of the panel \"Smart Destination\/Smart Islands\/Sustainability\/Resilience\/Apps\/Geolocation\/Citizen Engagement\", scheduled for May 12.<\/p><p>This block will highlight the topics that make the Islands so distinctive and special when it comes to Tourism and Cities. Concerns about sustainability, whether energy, economic, social, etc., are inevitable today, as well as the need to include strategies that guarantee the maintenance and desirable evolution of the population's standard of living, ensuring a natural and cultural balance.<\/p><p>Read more <a href=\"http:\/\/www.openpr.com\/news\/531009\/mobinteg-s-CEO-among-SmartFunchal-17-speakers.html\" target=\"_blank\" rel=\"noopener noreferrer\">here<\/a>.<\/p>","_et_gb_content_width":"","inline_featured_image":false,"footnotes":""},"categories":[37,38,3,31],"tags":[],"class_list":["post-10667","post","type-post","status-publish","format-standard","has-post-thumbnail","hentry","category-mobinteg","category-mobinteg-pt","category-news","category-noticias"],"_links":{"self":[{"href":"https:\/\/mobinteg.com\/pt-pt\/wp-json\/wp\/v2\/posts\/10667","targetHints":{"allow":["GET"]}}],"collection":[{"href":"https:\/\/mobinteg.com\/pt-pt\/wp-json\/wp\/v2\/posts"}],"about":[{"href":"https:\/\/mobinteg.com\/pt-pt\/wp-json\/wp\/v2\/types\/post"}],"author":[{"embeddable":true,"href":"https:\/\/mobinteg.com\/pt-pt\/wp-json\/wp\/v2\/users\/1"}],"replies":[{"embeddable":true,"href":"https:\/\/mobinteg.com\/pt-pt\/wp-json\/wp\/v2\/comments?post=10667"}],"version-history":[{"count":6,"href":"https:\/\/mobinteg.com\/pt-pt\/wp-json\/wp\/v2\/posts\/10667\/revisions"}],"predecessor-version":[{"id":11328,"href":"https:\/\/mobinteg.com\/pt-pt\/wp-json\/wp\/v2\/posts\/10667\/revisions\/11328"}],"wp:featuredmedia":[{"embeddable":true,"href":"https:\/\/mobinteg.com\/pt-pt\/wp-json\/wp\/v2\/media\/8075"}],"wp:attachment":[{"href":"https:\/\/mobinteg.com\/pt-pt\/wp-json\/wp\/v2\/media?parent=10667"}],"wp:term":[{"taxonomy":"category","embeddable":true,"href":"https:\/\/mobinteg.com\/pt-pt\/wp-json\/wp\/v2\/categories?post=10667"},{"taxonomy":"post_tag","embeddable":true,"href":"https:\/\/mobinteg.com\/pt-pt\/wp-json\/wp\/v2\/tags?post=10667"}],"curies":[{"name":"wp","href":"https:\/\/api.w.org\/{rel}","templated":true}]}}