{"id":10681,"date":"2017-03-23T12:51:46","date_gmt":"2017-03-23T12:51:46","guid":{"rendered":"https:\/\/mobinteg.com\/mobinteg-internationalization-de-reojo-canary-islands\/"},"modified":"2022-06-03T16:38:31","modified_gmt":"2022-06-03T16:38:31","slug":"mobinteg-internacionalizacao-de-reojo-canarias","status":"publish","type":"post","link":"https:\/\/mobinteg.com\/pt-pt\/mobinteg-internacionalizacao-de-reojo-canarias\/","title":{"rendered":"mobinteg refor\u00e7a a internacionaliza\u00e7\u00e3o com o projecto De Reojo nas Ilhas Can\u00e1rias"},"content":{"rendered":"<p>[et_pb_section fb_built=&#8221;1&#8243; admin_label=&#8221;Header&#8221; module_class=&#8221;general-header&#8221; _builder_version=&#8221;4.17.3&#8243; _module_preset=&#8221;default&#8221; background_image=&#8221;https:\/\/mobinteg.com\/wp-content\/uploads\/2022\/05\/video-frame.png&#8221; background_enable_video_mp4=&#8221;off&#8221; custom_css_after=&#8221;content: %22%22;||display: block;||position: absolute;||top: 0;||left: 0;||width: 100%;||height: 100%;||background-color: rgba(0,153,255,0.4);||z-index: 1;&#8221; global_module=&#8221;9872&#8243; locked=&#8221;off&#8221; global_colors_info=&#8221;{}&#8221;][et_pb_row _builder_version=&#8221;4.17.3&#8243; _module_preset=&#8221;default&#8221; global_colors_info=&#8221;{}&#8221;][et_pb_column type=&#8221;4_4&#8243; _builder_version=&#8221;4.17.3&#8243; _module_preset=&#8221;default&#8221; global_colors_info=&#8221;{}&#8221;][et_pb_text _builder_version=&#8221;4.17.4&#8243; _dynamic_attributes=&#8221;content&#8221; _module_preset=&#8221;default&#8221; text_font=&#8221;Montserrat|800|||||||&#8221; text_text_color=&#8221;#FFFFFF&#8221; header_font=&#8221;|800|||||||&#8221; header_text_color=&#8221;#FFFFFF&#8221; custom_padding=&#8221;100px||100px||true|false&#8221; global_colors_info=&#8221;{}&#8221;]@ET-DC@eyJkeW5hbWljIjp0cnVlLCJjb250ZW50IjoicG9zdF90aXRsZSIsInNldHRpbmdzIjp7ImJlZm9yZSI6IiIsImFmdGVyIjoiIn19@[\/et_pb_text][\/et_pb_column][\/et_pb_row][\/et_pb_section][et_pb_section fb_built=&#8221;1&#8243; _builder_version=&#8221;4.17.3&#8243; _module_preset=&#8221;default&#8221; global_colors_info=&#8221;{}&#8221;][et_pb_row column_structure=&#8221;1_2,1_2&#8243; _builder_version=&#8221;4.17.4&#8243; _module_preset=&#8221;default&#8221; custom_css_main_element=&#8221;  display: flex;||  align-items: center;||  justify-content: center;&#8221; global_colors_info=&#8221;{}&#8221; custom_css_main_element_last_edited=&#8221;on|tablet&#8221; custom_css_main_element_tablet=&#8221;display: block;&#8221; custom_css_main_element_phone=&#8221;display: block;&#8221;][et_pb_column type=&#8221;1_2&#8243; _builder_version=&#8221;4.17.3&#8243; _module_preset=&#8221;default&#8221; global_colors_info=&#8221;{}&#8221;][et_pb_text _builder_version=&#8221;4.17.3&#8243; _module_preset=&#8221;8ab12279-bc26-4c75-8b0f-a03a38da1c3f&#8221; global_colors_info=&#8221;{}&#8221;]<\/p>\n<p>mobinteg takes another step in its internationalization by closing its first major project in Spain. The technological was responsible for creating a mobiSHOUT! for\u00a0De Reojo La Revista, publication of well-being, entertainment and tourism with distribution in the Canary Islands.<\/p>\n<p>On the focus on internationalization, Fernando Pinto, founder of mobinteg, highlights that although this strategy is not easy to achieve, &#8220;it was something that mobinteg embraced from the beginning because, more than in the national market, it has a very strong presence in Markets, particularly in the US &#8220;.<\/p>\n<p>&#8220;mobinteg continues to invest heavily in its internationalization process. Spain is a market where we look very carefully having already an office in Madrid and a business developer, Guillermo Rosingana, who has been exploring more and more opportunities in this market. These opportunities are already being translated into projects like DeReojo La Revista and that make us very proud&#8221;, says Fernando Pinto.<\/p>\n<p>Read more <a href=\"https:\/\/business.leak.pt\/mobinteg-reforca-internacionalizacao-projeto-reojo-nas-canarias\/\" target=\"_blank\" rel=\"noopener\">here<\/a>.<\/p>\n<p>[\/et_pb_text][\/et_pb_column][et_pb_column type=&#8221;1_2&#8243; _builder_version=&#8221;4.17.3&#8243; _module_preset=&#8221;default&#8221; global_colors_info=&#8221;{}&#8221;][et_pb_image src=&#8221;https:\/\/mobinteg.com\/wp-content\/uploads\/2017\/04\/De-Reojo-mobishout-2.png&#8221; title_text=&#8221;De-Reojo-mobishout 2&#8243; force_fullwidth=&#8221;on&#8221; _builder_version=&#8221;4.17.3&#8243; _module_preset=&#8221;default&#8221; global_colors_info=&#8221;{}&#8221;][\/et_pb_image][\/et_pb_column][\/et_pb_row][\/et_pb_section]<\/p>\n","protected":false},"excerpt":{"rendered":"<p>mobinteg takes another step in its internationalization by closing its first major project in Spain. The technological was responsible for creating a mobiSHOUT! for De Reojo La Revista, publication of well-being, entertainment and tourism with distribution in the Canary Islands.<\/p>\n","protected":false},"author":1,"featured_media":8030,"comment_status":"closed","ping_status":"closed","sticky":false,"template":"","format":"standard","meta":{"_et_pb_use_builder":"on","_et_pb_old_content":"<h1>mobinteg reinforces internationalization with De Reojo project in the Canary Islands<\/h1><p>\u00a0<\/p><p>mobinteg takes another step in its internationalization by closing its first major project in Spain. The technological was responsible for creating a mobiSHOUT! for\u00a0De Reojo La Revista, publication of well-being, entertainment and tourism with distribution in the Canary Islands.<\/p><p>On the focus on internationalization, Fernando Pinto, founder of mobinteg, highlights that although this strategy is not easy to achieve, \"it was something that mobinteg embraced from the beginning because, more than in the national market, it has a very strong presence in Markets, particularly in the US \".<\/p><p>\"mobinteg continues to invest heavily in its internationalization process. Spain is a market where we look very carefully having already an office in Madrid and a business developer, Guillermo Rosingana, who has been exploring more and more opportunities in this market. These opportunities are already being translated into projects like DeReojo La Revista and that make us very proud\", says Fernando Pinto.<\/p><p>Read more <a href=\"https:\/\/business.leak.pt\/mobinteg-reforca-internacionalizacao-projeto-reojo-nas-canarias\/\" target=\"_blank\" rel=\"noopener\">here<\/a>.<\/p><p>\u00a0<\/p>","_et_gb_content_width":"","inline_featured_image":false,"footnotes":""},"categories":[38,31,36],"tags":[],"class_list":["post-10681","post","type-post","status-publish","format-standard","has-post-thumbnail","hentry","category-mobinteg-pt","category-noticias","category-parceiros-e-clientes"],"_links":{"self":[{"href":"https:\/\/mobinteg.com\/pt-pt\/wp-json\/wp\/v2\/posts\/10681","targetHints":{"allow":["GET"]}}],"collection":[{"href":"https:\/\/mobinteg.com\/pt-pt\/wp-json\/wp\/v2\/posts"}],"about":[{"href":"https:\/\/mobinteg.com\/pt-pt\/wp-json\/wp\/v2\/types\/post"}],"author":[{"embeddable":true,"href":"https:\/\/mobinteg.com\/pt-pt\/wp-json\/wp\/v2\/users\/1"}],"replies":[{"embeddable":true,"href":"https:\/\/mobinteg.com\/pt-pt\/wp-json\/wp\/v2\/comments?post=10681"}],"version-history":[{"count":4,"href":"https:\/\/mobinteg.com\/pt-pt\/wp-json\/wp\/v2\/posts\/10681\/revisions"}],"predecessor-version":[{"id":11344,"href":"https:\/\/mobinteg.com\/pt-pt\/wp-json\/wp\/v2\/posts\/10681\/revisions\/11344"}],"wp:featuredmedia":[{"embeddable":true,"href":"https:\/\/mobinteg.com\/pt-pt\/wp-json\/wp\/v2\/media\/8030"}],"wp:attachment":[{"href":"https:\/\/mobinteg.com\/pt-pt\/wp-json\/wp\/v2\/media?parent=10681"}],"wp:term":[{"taxonomy":"category","embeddable":true,"href":"https:\/\/mobinteg.com\/pt-pt\/wp-json\/wp\/v2\/categories?post=10681"},{"taxonomy":"post_tag","embeddable":true,"href":"https:\/\/mobinteg.com\/pt-pt\/wp-json\/wp\/v2\/tags?post=10681"}],"curies":[{"name":"wp","href":"https:\/\/api.w.org\/{rel}","templated":true}]}}