{"id":10702,"date":"2017-01-26T17:45:29","date_gmt":"2017-01-26T17:45:29","guid":{"rendered":"https:\/\/mobinteg.com\/uber-ambulances-arrives-portugal\/"},"modified":"2022-06-22T16:06:30","modified_gmt":"2022-06-22T16:06:30","slug":"uber-ambulancias-chega-portugal","status":"publish","type":"post","link":"https:\/\/mobinteg.com\/pt-pt\/uber-ambulancias-chega-portugal\/","title":{"rendered":"\u201cUber das Ambul\u00e2ncias\u201d chega a Portugal"},"content":{"rendered":"<p>[et_pb_section fb_built=&#8221;1&#8243; admin_label=&#8221;Header&#8221; module_class=&#8221;general-header&#8221; _builder_version=&#8221;4.17.3&#8243; _module_preset=&#8221;default&#8221; background_image=&#8221;https:\/\/mobinteg.com\/wp-content\/uploads\/2022\/05\/video-frame.png&#8221; background_enable_video_mp4=&#8221;off&#8221; custom_css_after=&#8221;content: %22%22;||display: block;||position: absolute;||top: 0;||left: 0;||width: 100%;||height: 100%;||background-color: rgba(0,153,255,0.4);||z-index: 1;&#8221; global_module=&#8221;9872&#8243; locked=&#8221;off&#8221; global_colors_info=&#8221;{}&#8221;][et_pb_row _builder_version=&#8221;4.17.3&#8243; _module_preset=&#8221;default&#8221; global_colors_info=&#8221;{}&#8221;][et_pb_column type=&#8221;4_4&#8243; _builder_version=&#8221;4.17.3&#8243; _module_preset=&#8221;default&#8221; global_colors_info=&#8221;{}&#8221;][et_pb_text _builder_version=&#8221;4.17.4&#8243; _dynamic_attributes=&#8221;content&#8221; _module_preset=&#8221;default&#8221; text_font=&#8221;Montserrat|800|||||||&#8221; text_text_color=&#8221;#FFFFFF&#8221; header_font=&#8221;|800|||||||&#8221; header_text_color=&#8221;#FFFFFF&#8221; custom_padding=&#8221;100px||100px||true|false&#8221; global_colors_info=&#8221;{}&#8221;]@ET-DC@eyJkeW5hbWljIjp0cnVlLCJjb250ZW50IjoicG9zdF90aXRsZSIsInNldHRpbmdzIjp7ImJlZm9yZSI6IiIsImFmdGVyIjoiIn19@[\/et_pb_text][\/et_pb_column][\/et_pb_row][\/et_pb_section][et_pb_section fb_built=&#8221;1&#8243; _builder_version=&#8221;4.17.3&#8243; _module_preset=&#8221;default&#8221; global_colors_info=&#8221;{}&#8221;][et_pb_row column_structure=&#8221;1_2,1_2&#8243; _builder_version=&#8221;4.17.4&#8243; _module_preset=&#8221;default&#8221; custom_css_main_element=&#8221;  display: flex;||  align-items: center;||  justify-content: center;&#8221; global_colors_info=&#8221;{}&#8221; custom_css_main_element_last_edited=&#8221;on|tablet&#8221; custom_css_main_element_tablet=&#8221;display: block;&#8221; custom_css_main_element_phone=&#8221;display: block;&#8221;][et_pb_column type=&#8221;1_2&#8243; _builder_version=&#8221;4.17.3&#8243; _module_preset=&#8221;default&#8221; global_colors_info=&#8221;{}&#8221;][et_pb_text _builder_version=&#8221;4.17.4&#8243; _module_preset=&#8221;8ab12279-bc26-4c75-8b0f-a03a38da1c3f&#8221; global_colors_info=&#8221;{}&#8221;]<\/p>\n<p>A ideia \u00e9 permitir a liga\u00e7\u00e3o entre os candidatos e os prestadores de servi\u00e7os de transporte n\u00e3o emergente de doentes. O servi\u00e7o pode ser programado ou pedido na hora.<\/p>\n<p>Numa altura em que as plataformas e aplica\u00e7\u00f5es se multiplicam com os mais variados prop\u00f3sitos, chega a Portugal o &#8220;Uber das Ambul\u00e2ncias&#8221;.<\/p>\n<p>Segundo a mobinteg, empresa especializada no desenvolvimento de solu\u00e7\u00f5es m\u00f3veis e Internet das coisas (IoT), \u00e9 uma &#8220;plataforma, acess\u00edvel via web browser, na qual o gestor de servi\u00e7os pode gerir e monitorizar a rela\u00e7\u00e3o entre fornecedores e utilizadores&#8221;. A ideia desta aplica\u00e7\u00e3o \u00e9 permitir uma comunica\u00e7\u00e3o f\u00e1cil entre candidatos e fornecedores de servi\u00e7os de transporte n\u00e3o emergente de pacientes.<\/p>\n<p>Leia mais <a href=\"https:\/\/ionline.sapo.pt\/545766\" target=\"_blank\" rel=\"noopener\">aqui<\/a>.<\/p>\n<p>[\/et_pb_text][\/et_pb_column][et_pb_column type=&#8221;1_2&#8243; _builder_version=&#8221;4.17.3&#8243; _module_preset=&#8221;default&#8221; global_colors_info=&#8221;{}&#8221;][et_pb_image src=&#8221;https:\/\/mobinteg.com\/wp-content\/uploads\/2017\/01\/uber.jpg&#8221; title_text=&#8221;uber&#8221; force_fullwidth=&#8221;on&#8221; _builder_version=&#8221;4.17.3&#8243; _module_preset=&#8221;default&#8221; global_colors_info=&#8221;{}&#8221;][\/et_pb_image][\/et_pb_column][\/et_pb_row][\/et_pb_section]<\/p>\n","protected":false},"excerpt":{"rendered":"<p>A ideia \u00e9 permitir a liga\u00e7\u00e3o entre os pacientes e os prestadores de servi\u00e7os de transporte n\u00e3o emergente de doentes. O servi\u00e7o pode ser programado ou pedido na hora.<\/p>\n","protected":false},"author":1,"featured_media":7950,"comment_status":"closed","ping_status":"closed","sticky":false,"template":"","format":"standard","meta":{"_et_pb_use_builder":"on","_et_pb_old_content":"<h1>\u201cUber of Ambulances\u201d arrives to Portugal<\/h1><p>\u00a0<\/p><p>The idea is to enable the connection between applicants and providers of non-emergent patient transport services. Service can be scheduled or ordered on time.<\/p><p>At a time when platforms and applications multiply with the most varied purposes, arrives in Portugal the \"Uber of Ambulances\".<\/p><p>According to mobinteg, a company specialized in the development of mobile and Internet of things (IoT) solutions, it is a \"platform, accessible via web browser, in which the service manager can manage and monitor the relationship between providers and users\". The idea of \u200b\u200bthis application is to allow easy communication between applicants and providers of non-emergent patient transport services.<\/p><p>Read more <a href=\"https:\/\/ionline.sapo.pt\/545766\" target=\"_blank\" rel=\"noopener\">here<\/a>.<\/p>","_et_gb_content_width":"","inline_featured_image":false,"footnotes":""},"categories":[38,31,36],"tags":[],"class_list":["post-10702","post","type-post","status-publish","format-standard","has-post-thumbnail","hentry","category-mobinteg-pt","category-noticias","category-parceiros-e-clientes"],"_links":{"self":[{"href":"https:\/\/mobinteg.com\/pt-pt\/wp-json\/wp\/v2\/posts\/10702","targetHints":{"allow":["GET"]}}],"collection":[{"href":"https:\/\/mobinteg.com\/pt-pt\/wp-json\/wp\/v2\/posts"}],"about":[{"href":"https:\/\/mobinteg.com\/pt-pt\/wp-json\/wp\/v2\/types\/post"}],"author":[{"embeddable":true,"href":"https:\/\/mobinteg.com\/pt-pt\/wp-json\/wp\/v2\/users\/1"}],"replies":[{"embeddable":true,"href":"https:\/\/mobinteg.com\/pt-pt\/wp-json\/wp\/v2\/comments?post=10702"}],"version-history":[{"count":7,"href":"https:\/\/mobinteg.com\/pt-pt\/wp-json\/wp\/v2\/posts\/10702\/revisions"}],"predecessor-version":[{"id":11481,"href":"https:\/\/mobinteg.com\/pt-pt\/wp-json\/wp\/v2\/posts\/10702\/revisions\/11481"}],"wp:featuredmedia":[{"embeddable":true,"href":"https:\/\/mobinteg.com\/pt-pt\/wp-json\/wp\/v2\/media\/7950"}],"wp:attachment":[{"href":"https:\/\/mobinteg.com\/pt-pt\/wp-json\/wp\/v2\/media?parent=10702"}],"wp:term":[{"taxonomy":"category","embeddable":true,"href":"https:\/\/mobinteg.com\/pt-pt\/wp-json\/wp\/v2\/categories?post=10702"},{"taxonomy":"post_tag","embeddable":true,"href":"https:\/\/mobinteg.com\/pt-pt\/wp-json\/wp\/v2\/tags?post=10702"}],"curies":[{"name":"wp","href":"https:\/\/api.w.org\/{rel}","templated":true}]}}