{"id":10739,"date":"2016-10-11T14:18:40","date_gmt":"2016-10-11T14:18:40","guid":{"rendered":"https:\/\/mobinteg.com\/mobinteg-web-summit-news-cities\/"},"modified":"2022-06-22T16:54:49","modified_gmt":"2022-06-22T16:54:49","slug":"mobinteg-web-summit-noticias-cidades","status":"publish","type":"post","link":"https:\/\/mobinteg.com\/pt-pt\/mobinteg-web-summit-noticias-cidades\/","title":{"rendered":"mobinteg no Web Summit e com novidades para as cidades"},"content":{"rendered":"<p>[et_pb_section fb_built=&#8221;1&#8243; admin_label=&#8221;Header&#8221; module_class=&#8221;general-header&#8221; _builder_version=&#8221;4.17.3&#8243; _module_preset=&#8221;default&#8221; background_image=&#8221;https:\/\/mobinteg.com\/wp-content\/uploads\/2022\/05\/video-frame.png&#8221; background_enable_video_mp4=&#8221;off&#8221; custom_css_after=&#8221;content: %22%22;||display: block;||position: absolute;||top: 0;||left: 0;||width: 100%;||height: 100%;||background-color: rgba(0,153,255,0.4);||z-index: 1;&#8221; global_module=&#8221;9872&#8243; locked=&#8221;off&#8221; global_colors_info=&#8221;{}&#8221;][et_pb_row _builder_version=&#8221;4.17.3&#8243; _module_preset=&#8221;default&#8221; global_colors_info=&#8221;{}&#8221;][et_pb_column type=&#8221;4_4&#8243; _builder_version=&#8221;4.17.3&#8243; _module_preset=&#8221;default&#8221; global_colors_info=&#8221;{}&#8221;][et_pb_text _builder_version=&#8221;4.17.4&#8243; _dynamic_attributes=&#8221;content&#8221; _module_preset=&#8221;default&#8221; text_font=&#8221;Montserrat|800|||||||&#8221; text_text_color=&#8221;#FFFFFF&#8221; header_font=&#8221;|800|||||||&#8221; header_text_color=&#8221;#FFFFFF&#8221; custom_padding=&#8221;100px||100px||true|false&#8221; global_colors_info=&#8221;{}&#8221;]@ET-DC@eyJkeW5hbWljIjp0cnVlLCJjb250ZW50IjoicG9zdF90aXRsZSIsInNldHRpbmdzIjp7ImJlZm9yZSI6IiIsImFmdGVyIjoiIn19@[\/et_pb_text][\/et_pb_column][\/et_pb_row][\/et_pb_section][et_pb_section fb_built=&#8221;1&#8243; _builder_version=&#8221;4.17.3&#8243; _module_preset=&#8221;default&#8221; global_colors_info=&#8221;{}&#8221;][et_pb_row column_structure=&#8221;1_2,1_2&#8243; _builder_version=&#8221;4.17.4&#8243; _module_preset=&#8221;default&#8221; custom_css_main_element=&#8221;  display: flex;||  align-items: center;||  justify-content: center;&#8221; global_colors_info=&#8221;{}&#8221; custom_css_main_element_last_edited=&#8221;on|tablet&#8221; custom_css_main_element_tablet=&#8221;display: block;&#8221; custom_css_main_element_phone=&#8221;display: block;&#8221;][et_pb_column type=&#8221;1_2&#8243; _builder_version=&#8221;4.17.3&#8243; _module_preset=&#8221;default&#8221; global_colors_info=&#8221;{}&#8221;][et_pb_text _builder_version=&#8221;4.17.4&#8243; _module_preset=&#8221;8ab12279-bc26-4c75-8b0f-a03a38da1c3f&#8221; hover_enabled=&#8221;0&#8243; global_colors_info=&#8221;{}&#8221; sticky_enabled=&#8221;0&#8243;]<\/p>\n<p>A mobinteg garantiu o seu lugar no Web Summit 2016, que se realiza em Lisboa de 7 a 10 de Novembro. A startup portuguesa j\u00e1 anunciou que aproveitar\u00e1 a ocasi\u00e3o para mostrar uma nova \u00e1rea de cidades inteligentes com recolha de dados em tempo real.<\/p>\n<p>Sem avan\u00e7ar mais informa\u00e7\u00f5es sobre a novidade que ir\u00e3o apresentar no encontro internacional, a mobinteg apenas diz que este estar\u00e1 relacionado com a aplica\u00e7\u00e3o do conceito da Internet das Coisas.<\/p>\n<p>Leia mais <a href=\"http:\/\/www.smart-cities.pt\/pt\/noticia\/mobinteg-1010-websummit\/\" target=\"_blank\" rel=\"noopener\">aqui<\/a>.<\/p>\n<p>[\/et_pb_text][\/et_pb_column][et_pb_column type=&#8221;1_2&#8243; _builder_version=&#8221;4.17.3&#8243; _module_preset=&#8221;default&#8221; global_colors_info=&#8221;{}&#8221;][et_pb_image src=&#8221;https:\/\/mobinteg.com\/wp-content\/uploads\/2017\/01\/websummit-fb-cover.jpg&#8221; title_text=&#8221;websummit fb cover&#8221; force_fullwidth=&#8221;on&#8221; _builder_version=&#8221;4.17.3&#8243; _module_preset=&#8221;default&#8221; global_colors_info=&#8221;{}&#8221;][\/et_pb_image][\/et_pb_column][\/et_pb_row][\/et_pb_section]<\/p>\n","protected":false},"excerpt":{"rendered":"<p>A mobinteg garantiu o seu lugar no Web Summit 2016, que se realiza em Lisboa de 7 a 10 de Novembro. A startup portuguesa j\u00e1 anunciou que aproveitar\u00e1 a ocasi\u00e3o para mostrar uma nova \u00e1rea de cidades inteligentes com recolha de dados em tempo real.<\/p>\n","protected":false},"author":1,"featured_media":7827,"comment_status":"closed","ping_status":"closed","sticky":false,"template":"","format":"standard","meta":{"_et_pb_use_builder":"on","_et_pb_old_content":"<h1 class=\"tw-data-text tw-ta tw-text-small\" dir=\"ltr\" data-placeholder=\"Tradu\u00e7\u00e3o\">mobinteg at Web Summit and with some news for the cities<\/h1><p id=\"tw-target-text\" class=\"tw-data-text tw-ta tw-text-small\" dir=\"ltr\" data-placeholder=\"Tradu\u00e7\u00e3o\"><span lang=\"en\">Mobinteg has secured its place at the 2016 Web Summit, which takes place in Lisbon from 7th to November 10th. The Portuguese startup has already announced that it will take advantage of the occasion to showcase a new area of \u200b\u200bintelligent cities with data collection in real time. <\/span><\/p><p class=\"tw-data-text tw-ta tw-text-small\" dir=\"ltr\" data-placeholder=\"Tradu\u00e7\u00e3o\"><span lang=\"en\">Without advancing more information about the novelty they will present at the international meeting, mobinteg only says that it will be related to the application of the Internet of Things concept.<\/span><\/p><p class=\"tw-data-text tw-ta tw-text-small\" dir=\"ltr\" data-placeholder=\"Tradu\u00e7\u00e3o\">Read more <a href=\"http:\/\/www.smart-cities.pt\/pt\/noticia\/mobinteg-1010-websummit\/\" target=\"_blank\" rel=\"noopener\">here<\/a>.<\/p>","_et_gb_content_width":"","inline_featured_image":false,"footnotes":""},"categories":[38,31,36],"tags":[],"class_list":["post-10739","post","type-post","status-publish","format-standard","has-post-thumbnail","hentry","category-mobinteg-pt","category-noticias","category-parceiros-e-clientes"],"_links":{"self":[{"href":"https:\/\/mobinteg.com\/pt-pt\/wp-json\/wp\/v2\/posts\/10739","targetHints":{"allow":["GET"]}}],"collection":[{"href":"https:\/\/mobinteg.com\/pt-pt\/wp-json\/wp\/v2\/posts"}],"about":[{"href":"https:\/\/mobinteg.com\/pt-pt\/wp-json\/wp\/v2\/types\/post"}],"author":[{"embeddable":true,"href":"https:\/\/mobinteg.com\/pt-pt\/wp-json\/wp\/v2\/users\/1"}],"replies":[{"embeddable":true,"href":"https:\/\/mobinteg.com\/pt-pt\/wp-json\/wp\/v2\/comments?post=10739"}],"version-history":[{"count":5,"href":"https:\/\/mobinteg.com\/pt-pt\/wp-json\/wp\/v2\/posts\/10739\/revisions"}],"predecessor-version":[{"id":11510,"href":"https:\/\/mobinteg.com\/pt-pt\/wp-json\/wp\/v2\/posts\/10739\/revisions\/11510"}],"wp:featuredmedia":[{"embeddable":true,"href":"https:\/\/mobinteg.com\/pt-pt\/wp-json\/wp\/v2\/media\/7827"}],"wp:attachment":[{"href":"https:\/\/mobinteg.com\/pt-pt\/wp-json\/wp\/v2\/media?parent=10739"}],"wp:term":[{"taxonomy":"category","embeddable":true,"href":"https:\/\/mobinteg.com\/pt-pt\/wp-json\/wp\/v2\/categories?post=10739"},{"taxonomy":"post_tag","embeddable":true,"href":"https:\/\/mobinteg.com\/pt-pt\/wp-json\/wp\/v2\/tags?post=10739"}],"curies":[{"name":"wp","href":"https:\/\/api.w.org\/{rel}","templated":true}]}}