{"id":11936,"date":"2023-03-08T10:00:08","date_gmt":"2023-03-08T10:00:08","guid":{"rendered":"https:\/\/mobinteg.com\/?p=11936"},"modified":"2023-08-29T11:44:07","modified_gmt":"2023-08-29T11:44:07","slug":"mobinteg-desenvolve-site-aplicacao-modalisboa","status":"publish","type":"post","link":"https:\/\/mobinteg.com\/pt-pt\/mobinteg-desenvolve-site-aplicacao-modalisboa\/","title":{"rendered":"mobinteg desenvolve site e aplica\u00e7\u00e3o para a ModaLisboa"},"content":{"rendered":"<p>[et_pb_section fb_built=&#8221;1&#8243; admin_label=&#8221;Header&#8221; module_class=&#8221;general-header&#8221; _builder_version=&#8221;4.17.3&#8243; _module_preset=&#8221;default&#8221; background_image=&#8221;https:\/\/mobinteg.com\/wp-content\/uploads\/2022\/05\/video-frame.png&#8221; background_enable_video_mp4=&#8221;off&#8221; custom_css_after=&#8221;content: %22%22;||display: block;||position: absolute;||top: 0;||left: 0;||width: 100%;||height: 100%;||background-color: rgba(0,153,255,0.4);||z-index: 1;&#8221; global_module=&#8221;9872&#8243; locked=&#8221;off&#8221; global_colors_info=&#8221;{}&#8221;][et_pb_row _builder_version=&#8221;4.17.3&#8243; _module_preset=&#8221;default&#8221; global_colors_info=&#8221;{}&#8221;][et_pb_column type=&#8221;4_4&#8243; _builder_version=&#8221;4.17.3&#8243; _module_preset=&#8221;default&#8221; global_colors_info=&#8221;{}&#8221;][et_pb_text _builder_version=&#8221;4.17.4&#8243; _dynamic_attributes=&#8221;content&#8221; _module_preset=&#8221;default&#8221; text_font=&#8221;Montserrat|800|||||||&#8221; text_text_color=&#8221;#FFFFFF&#8221; header_font=&#8221;|800|||||||&#8221; header_text_color=&#8221;#FFFFFF&#8221; custom_padding=&#8221;100px||100px||true|false&#8221; global_colors_info=&#8221;{}&#8221;]@ET-DC@eyJkeW5hbWljIjp0cnVlLCJjb250ZW50IjoicG9zdF90aXRsZSIsInNldHRpbmdzIjp7ImJlZm9yZSI6IiIsImFmdGVyIjoiIn19@[\/et_pb_text][\/et_pb_column][\/et_pb_row][\/et_pb_section][et_pb_section fb_built=&#8221;1&#8243; _builder_version=&#8221;4.17.3&#8243; _module_preset=&#8221;default&#8221; global_colors_info=&#8221;{}&#8221;][et_pb_row column_structure=&#8221;1_2,1_2&#8243; _builder_version=&#8221;4.17.4&#8243; _module_preset=&#8221;default&#8221; custom_css_main_element=&#8221;  display: flex;||  align-items: center;||  justify-content: center;&#8221; global_colors_info=&#8221;{}&#8221; custom_css_main_element_last_edited=&#8221;on|tablet&#8221; custom_css_main_element_tablet=&#8221;display:block;&#8221; custom_css_main_element_phone=&#8221;display:block;&#8221;][et_pb_column type=&#8221;1_2&#8243; _builder_version=&#8221;4.17.3&#8243; _module_preset=&#8221;default&#8221; global_colors_info=&#8221;{}&#8221;][et_pb_text _builder_version=&#8221;4.18.0&#8243; _module_preset=&#8221;8ab12279-bc26-4c75-8b0f-a03a38da1c3f&#8221; custom_padding=&#8221;||0px|||&#8221; global_colors_info=&#8221;{}&#8221;]<\/p>\n<p><b>A mobinteg volta a ser parceira da ModaLisboa com o desenvolvimento e atualiza\u00e7\u00e3o da app e site da maior associa\u00e7\u00e3o de moda em Portugal. Atrav\u00e9s destas plataformas, os utilizadores poder\u00e3o acompanhar todas as novidades e momentos da Lisboa Fashion Week, em tempo real.\u00a0<\/b>\u00a0<\/p>\n<p><span style=\"font-weight: 400;\">O microsite (<\/span><a href=\"http:\/\/www.modalisboa.pt\" target=\"_blank\" rel=\"noopener\"><span style=\"font-weight: 400;\">www.modalisboa.pt<\/span><\/a><span style=\"font-weight: 400;\">) permite-lhe consultar todo o programa da ModaLisboa, assistir aos livestreaming dos desfiles, conversas com profissionais da \u00e1rea e ver todos os v\u00eddeos, imagens e informa\u00e7\u00e3o da 60.\u00aa edi\u00e7\u00e3o da Lisboa Fashion Week.\u00a0<\/span><\/p>\n<p><span style=\"font-weight: 400;\">A Lisboa Fashion Week 2023 vai decorrer entre 9 e 12 de mar\u00e7o, no espa\u00e7o Lisboa Social Mitra, em Marvila, sob o tema &#8220;Core&#8221;.<\/span><\/p>\n<p><b>A app<\/b><\/p>\n<p><span style=\"font-weight: 400;\">Al\u00e9m do site, os f\u00e3s podem acompanhar a ModaLisboa atrav\u00e9s da aplica\u00e7\u00e3o m\u00f3vel que garante acesso ilimitado aos desfiles, Talks, Livestreams, conte\u00fado exclusivo e uma experi\u00eancia imersiva que cobre todos os mundos tocados pela principal Semana de Moda em Portugal.<\/span><\/p>\n<p>[\/et_pb_text][\/et_pb_column][et_pb_column type=&#8221;1_2&#8243; _builder_version=&#8221;4.17.3&#8243; _module_preset=&#8221;default&#8221; global_colors_info=&#8221;{}&#8221;][et_pb_image src=&#8221;https:\/\/mobinteg.com\/wp-content\/uploads\/2023\/03\/mobinteg-modalisboa.png&#8221; alt=&#8221;mobinteg modalisboa&#8221; title_text=&#8221;mobinteg &#8211; modalisboa&#8221; force_fullwidth=&#8221;on&#8221; _builder_version=&#8221;4.18.0&#8243; _module_preset=&#8221;default&#8221; global_colors_info=&#8221;{}&#8221;][\/et_pb_image][\/et_pb_column][\/et_pb_row][et_pb_row _builder_version=&#8221;4.18.0&#8243; _module_preset=&#8221;default&#8221; global_colors_info=&#8221;{}&#8221;][et_pb_column type=&#8221;4_4&#8243; _builder_version=&#8221;4.18.0&#8243; _module_preset=&#8221;default&#8221; global_colors_info=&#8221;{}&#8221;][et_pb_text _builder_version=&#8221;4.18.0&#8243; _module_preset=&#8221;default&#8221; global_colors_info=&#8221;{}&#8221;]<\/p>\n<p><span style=\"font-weight: 400;\">A app inclui:\u00a0<\/span><\/p>\n<ul>\n<li style=\"font-weight: 400;\" aria-level=\"1\"><b>Desfiles de Moda: <\/b><span style=\"font-weight: 400;\">Livestream das u\u0301ltimas colec\u0327o\u0303es dos melhores designers de moda portugueses &#8211; que pode adicionar ao seu Calenda\u0301rio Google, para que nunca perca nada, bem como imagens de bastidores, entrevistas e tudo o que precisa de saber sobre a nova estac\u0327a\u0303o.\u00a0<\/span><\/li>\n<li style=\"font-weight: 400;\" aria-level=\"1\"><b>Community: <\/b><span style=\"font-weight: 400;\">Conteu\u0301do exclusivo da indu\u0301stria de Moda Portuguesa e de todas as disciplinas tocadas por este ativo cultural.\u00a0<\/span><\/li>\n<li style=\"font-weight: 400;\" aria-level=\"1\"><b>Favoritos: <\/b><span style=\"font-weight: 400;\">Guarde todas as suas fotos e vi\u0301deos favoritos no seu perfil da ModaLisboa.\u00a0<\/span><\/li>\n<li style=\"font-weight: 400;\" aria-level=\"1\"><b>Talks: <\/b><span style=\"font-weight: 400;\">Aqui, pode aceder a conversas e momentos de reflex\u00e3o sobre a Moda de Autor: os seus desafios, as suas vis\u00f5es, o seu presente e o seu futuro.<\/span><\/li>\n<li style=\"font-weight: 400;\" aria-level=\"1\"><b>Partilhas: <\/b><span style=\"font-weight: 400;\">Envie qualquer conteu\u0301do que sinta que os seus amigos precisam absolutamente de ver, partilhando-os atrave\u0301s das redes sociais.\u00a0<\/span><\/li>\n<li style=\"font-weight: 400;\" aria-level=\"1\"><b>Photobooth: <\/b><span style=\"font-weight: 400;\">Tire fotos com filtros exclusivos da ModaLisboa, que pode partilhar atrave\u0301s dos meios de comunicac\u0327a\u0303o social.\u00a0<\/span><\/li>\n<li style=\"font-weight: 400;\" aria-level=\"1\"><b>Sangue Novo: <\/b><span style=\"font-weight: 400;\">Fique a conhecer as cole\u00e7\u00f5es dos 5 finalistas do Sangue Novo e os vencedores do concurso.\u00a0<\/span><\/li>\n<li style=\"font-weight: 400;\" aria-level=\"1\"><b>Lembretes: <\/b><span style=\"font-weight: 400;\">Ative as notificac\u0327o\u0303es push para receber alertas para todos os desfiles e talks.\u00a0<\/span><\/li>\n<\/ul>\n<p><span style=\"font-weight: 400;\">A app da ModaLisboa pode ser descarregada gratuitamente na <\/span><a href=\"https:\/\/apps.apple.com\/us\/app\/modalisboa\/id1530817416\" target=\"_blank\" rel=\"noopener\"><span style=\"font-weight: 400;\">App Store<\/span><\/a><span style=\"font-weight: 400;\"> e no <\/span><a href=\"https:\/\/play.google.com\/store\/apps\/details?id=com.mlx.app&amp;hl=en&amp;gl=US\" target=\"_blank\" rel=\"noopener\"><span style=\"font-weight: 400;\">Google Play<\/span><\/a><span style=\"font-weight: 400;\">.\u00a0<\/span><\/p>\n<p>[\/et_pb_text][\/et_pb_column][\/et_pb_row][\/et_pb_section]<\/p>\n","protected":false},"excerpt":{"rendered":"<p>A mobinteg volta a ser parceira da ModaLisboa com o desenvolvimento e atualiza\u00e7\u00e3o da app e site da maior associa\u00e7\u00e3o de moda em Portugal. Atrav\u00e9s destas plataformas, os utilizadores poder\u00e3o acompanhar todas as novidades e momentos da Lisboa Fashion Week, em tempo real. <\/p>\n","protected":false},"author":1,"featured_media":11927,"comment_status":"closed","ping_status":"closed","sticky":false,"template":"","format":"standard","meta":{"_et_pb_use_builder":"on","_et_pb_old_content":"","_et_gb_content_width":"","inline_featured_image":false,"footnotes":""},"categories":[38,31,36],"tags":[],"class_list":["post-11936","post","type-post","status-publish","format-standard","has-post-thumbnail","hentry","category-mobinteg-pt","category-noticias","category-parceiros-e-clientes"],"_links":{"self":[{"href":"https:\/\/mobinteg.com\/pt-pt\/wp-json\/wp\/v2\/posts\/11936","targetHints":{"allow":["GET"]}}],"collection":[{"href":"https:\/\/mobinteg.com\/pt-pt\/wp-json\/wp\/v2\/posts"}],"about":[{"href":"https:\/\/mobinteg.com\/pt-pt\/wp-json\/wp\/v2\/types\/post"}],"author":[{"embeddable":true,"href":"https:\/\/mobinteg.com\/pt-pt\/wp-json\/wp\/v2\/users\/1"}],"replies":[{"embeddable":true,"href":"https:\/\/mobinteg.com\/pt-pt\/wp-json\/wp\/v2\/comments?post=11936"}],"version-history":[{"count":4,"href":"https:\/\/mobinteg.com\/pt-pt\/wp-json\/wp\/v2\/posts\/11936\/revisions"}],"predecessor-version":[{"id":11946,"href":"https:\/\/mobinteg.com\/pt-pt\/wp-json\/wp\/v2\/posts\/11936\/revisions\/11946"}],"wp:featuredmedia":[{"embeddable":true,"href":"https:\/\/mobinteg.com\/pt-pt\/wp-json\/wp\/v2\/media\/11927"}],"wp:attachment":[{"href":"https:\/\/mobinteg.com\/pt-pt\/wp-json\/wp\/v2\/media?parent=11936"}],"wp:term":[{"taxonomy":"category","embeddable":true,"href":"https:\/\/mobinteg.com\/pt-pt\/wp-json\/wp\/v2\/categories?post=11936"},{"taxonomy":"post_tag","embeddable":true,"href":"https:\/\/mobinteg.com\/pt-pt\/wp-json\/wp\/v2\/tags?post=11936"}],"curies":[{"name":"wp","href":"https:\/\/api.w.org\/{rel}","templated":true}]}}