{"id":8489,"date":"2018-06-08T14:18:57","date_gmt":"2018-06-08T14:18:57","guid":{"rendered":"https:\/\/mobinteg.com\/smiity-esteve-presente-no-forum-administracao-eletronica-e-simplificacao-de-procedimentos\/"},"modified":"2022-06-03T11:32:50","modified_gmt":"2022-06-03T11:32:50","slug":"smiity-territorios-rurais-digitais-interativos","status":"publish","type":"post","link":"https:\/\/mobinteg.com\/pt-pt\/smiity-territorios-rurais-digitais-interativos\/","title":{"rendered":"SMIITY apresenta-se no F\u00f3rum &#8220;Territ\u00f3rios Rurais Digitais e Interativos&#8221;"},"content":{"rendered":"<p>[et_pb_section fb_built=&#8221;1&#8243; admin_label=&#8221;Header&#8221; module_class=&#8221;general-header&#8221; _builder_version=&#8221;4.17.3&#8243; _module_preset=&#8221;default&#8221; background_image=&#8221;https:\/\/mobinteg.com\/wp-content\/uploads\/2022\/05\/video-frame.png&#8221; background_enable_video_mp4=&#8221;off&#8221; custom_css_after=&#8221;content: %22%22;||display: block;||position: absolute;||top: 0;||left: 0;||width: 100%;||height: 100%;||background-color: rgba(0,153,255,0.4);||z-index: 1;&#8221; global_module=&#8221;9879&#8243; locked=&#8221;off&#8221; global_colors_info=&#8221;{}&#8221;][et_pb_row _builder_version=&#8221;4.17.3&#8243; _module_preset=&#8221;default&#8221; global_colors_info=&#8221;{}&#8221;][et_pb_column type=&#8221;4_4&#8243; _builder_version=&#8221;4.17.3&#8243; _module_preset=&#8221;default&#8221; global_colors_info=&#8221;{}&#8221;][et_pb_text _builder_version=&#8221;4.17.4&#8243; _dynamic_attributes=&#8221;content&#8221; _module_preset=&#8221;default&#8221; text_font=&#8221;Montserrat|800|||||||&#8221; text_text_color=&#8221;#FFFFFF&#8221; header_font=&#8221;|800|||||||&#8221; header_text_color=&#8221;#FFFFFF&#8221; custom_padding=&#8221;100px||100px||true|false&#8221; global_colors_info=&#8221;{}&#8221;]@ET-DC@eyJkeW5hbWljIjp0cnVlLCJjb250ZW50IjoicG9zdF90aXRsZSIsInNldHRpbmdzIjp7ImJlZm9yZSI6IiIsImFmdGVyIjoiIn19@[\/et_pb_text][et_pb_text _builder_version=&#8221;4.17.4&#8243; _module_preset=&#8221;8ab12279-bc26-4c75-8b0f-a03a38da1c3f&#8221; locked=&#8221;off&#8221; global_colors_info=&#8221;{}&#8221;]<\/p>\n<p>The conference took place last April at the Lisbon Congress Centre.<\/p>\n<p>Among Municipalities, brands and start-ups, all converged in the will to show projects that are expected to be winners with regard to the Smart Cities theme.<\/p>\n<p>In an event attended by the Municipalities of Abrantes, \u00c1gueda, Albufeira, Braga, Bragan\u00e7a, Cascais, Castelo Branco, Fund\u00e3o, Guimar\u00e3es, Lisboa, Loures, Oeiras, Seixal, Sintra, Torres Vedras and Viseu, SMIITY was also present to show its solution to the thousands of visitors that attended the conference.<\/p>\n<p>The Lisbon City Hall, in partnership with Universidade Nova de Lisboa, took the opportunity to present the site and application Lisboa Inteligente, developed by mobinteg &#8211; <a href=\"https:\/\/lisboainteligente.cm-lisboa.pt\/\" target=\"_blank\" rel=\"noopener\">visit website<\/a>; <a href=\"https:\/\/itunes.apple.com\/us\/app\/lisboa-inteligente\/id1367482529?mt=8\" target=\"_blank\" rel=\"noopener\">visit Appple Store<\/a>; <a href=\"https:\/\/play.google.com\/store\/apps\/details?id=com.mobishout.lisboainteligente\" target=\"_blank\" rel=\"noopener\">visit Google Play Store<\/a>.<\/p>\n<p>[\/et_pb_text][\/et_pb_column][\/et_pb_row][\/et_pb_section][et_pb_section fb_built=&#8221;1&#8243; _builder_version=&#8221;4.17.3&#8243; _module_preset=&#8221;default&#8221; global_colors_info=&#8221;{}&#8221;][et_pb_row column_structure=&#8221;1_2,1_2&#8243; _builder_version=&#8221;4.17.4&#8243; _module_preset=&#8221;default&#8221; custom_margin=&#8221;||0px||false|false&#8221; custom_padding=&#8221;||||false|false&#8221; custom_css_main_element=&#8221; display: flex;|| align-items: center;|| justify-content: center;&#8221; global_colors_info=&#8221;{}&#8221; custom_css_main_element_last_edited=&#8221;on|tablet&#8221; custom_css_main_element_tablet=&#8221;display:block;&#8221; custom_css_main_element_phone=&#8221;display:block;&#8221;][et_pb_column type=&#8221;1_2&#8243; _builder_version=&#8221;4.17.3&#8243; _module_preset=&#8221;default&#8221; global_colors_info=&#8221;{}&#8221;][et_pb_text _builder_version=&#8221;4.17.3&#8243; _module_preset=&#8221;8ab12279-bc26-4c75-8b0f-a03a38da1c3f&#8221; global_colors_info=&#8221;{}&#8221;]<\/p>\n<p>No passado dia 29 de Maio a SMIITY esteve presente no F\u00f3rum &#8216;Administra\u00e7\u00e3o Eletr\u00f3nica e Simplifica\u00e7\u00e3o de Procedimentos&#8217; onde apresentou a sua solu\u00e7\u00e3o no \u00e2mbito dos &#8216;Territ\u00f3rios Rurais Digitais e Interativos&#8217;.<\/p>\n<p>O Sabugal \u00e9 um dos destinos SMIITY que tira partido desta solu\u00e7\u00e3o para as cidades inteligentes. Este f\u00f3rum foi mais uma forma de demonstrarmos o trabalho que temos desenvolvido neste \u00e2mbito e que o interior n\u00e3o tem sido esquecido.<\/p>\n<p>A \u2018Comunidade Rural Digital\u2019\u00a0\u00e9 um projeto de colabora\u00e7\u00e3o entre as administra\u00e7\u00f5es p\u00fablicas de Portugal e Espanha, aprovado no Programa de Coopera\u00e7\u00e3o Transfronteiri\u00e7o Interreg V-A (Espanha\u2013Portugal) 2014-2020 (POCTEP) com cofinanciamento atrav\u00e9s de fundos FEDER. Este visa constituir uma\u00a0Rede Rural Digital, ao estabelecer uma rede cont\u00ednua de inova\u00e7\u00e3o entre as entidades transfronteiri\u00e7as locais, desenvolvendo uma plataforma de solu\u00e7\u00f5es tecnol\u00f3gicas abertas para a moderniza\u00e7\u00e3o da administra\u00e7\u00e3o local e implementando servi\u00e7os p\u00fablicos digitais de cidades ou territ\u00f3rios inteligentes\u00a0(Smart City\/Smart Territory).[\/et_pb_text][\/et_pb_column][et_pb_column type=&#8221;1_2&#8243; _builder_version=&#8221;4.17.3&#8243; _module_preset=&#8221;default&#8221; global_colors_info=&#8221;{}&#8221;][et_pb_image src=&#8221;https:\/\/mobinteg.com\/wp-content\/uploads\/2018\/06\/f\u00f3rum-sabugal.png&#8221; title_text=&#8221;f\u00f3rum sabugal&#8221; force_fullwidth=&#8221;on&#8221; _builder_version=&#8221;4.17.3&#8243; _module_preset=&#8221;default&#8221; global_colors_info=&#8221;{}&#8221;][\/et_pb_image][\/et_pb_column][\/et_pb_row][et_pb_row _builder_version=&#8221;4.17.3&#8243; _module_preset=&#8221;default&#8221; custom_margin=&#8221;0px||||false|false&#8221; custom_padding=&#8221;0px||||false|false&#8221; global_colors_info=&#8221;{}&#8221;][et_pb_column type=&#8221;4_4&#8243; _builder_version=&#8221;4.17.3&#8243; _module_preset=&#8221;default&#8221; global_colors_info=&#8221;{}&#8221;][et_pb_text _builder_version=&#8221;4.17.3&#8243; _module_preset=&#8221;8ab12279-bc26-4c75-8b0f-a03a38da1c3f&#8221; global_colors_info=&#8221;{}&#8221;]<\/p>\n<p>O projeto engloba um conjunto de a\u00e7\u00f5es de forma\u00e7\u00e3o em inova\u00e7\u00e3o e uso de TIC direcionado aos cidad\u00e3os, empresas, funcion\u00e1rios p\u00fablicos e t\u00e9cnicos TIC das administra\u00e7\u00f5es p\u00fablicas locais.<\/p>\n<p>Integram a \u2018Comunidade Rural Digital\u2019 as C\u00e2maras Municipais do Sabugal e de Almeida, por parte de Portugal, e a Consejer\u00eda de Fomento y Medio Ambiente da Junta de Castilla y Le\u00f3n, Organismo Aut\u00f3nomo de Recaudaci\u00f3n y Gesti\u00f3n Tributaria de la Diputaci\u00f3n de Salamanca (REGTSA) e a Diputaci\u00f3n Provincial de Valladolid, por parte de Espanha.<\/p>\n<p>Obrigado ao\u00a0Munic\u00edpio do Sabugal, ao nosso parceiro\u00a0Grupo Skillmind\u00a0e a todos os presentes.[\/et_pb_text][\/et_pb_column][\/et_pb_row][\/et_pb_section]<\/p>\n","protected":false},"excerpt":{"rendered":"<p>No passado dia 29 de Maio a SMIITY esteve presente no F\u00f3rum \u2018Administra\u00e7\u00e3o Eletr\u00f3nica e Simplifica\u00e7\u00e3o de Procedimentos\u2019 onde apresentou a sua solu\u00e7\u00e3o no \u00e2mbito dos \u2018Territ\u00f3rios Rurais Digitais e Interativos\u2019.<\/p>\n","protected":false},"author":1,"featured_media":8315,"comment_status":"closed","ping_status":"closed","sticky":false,"template":"","format":"standard","meta":{"_et_pb_use_builder":"on","_et_pb_old_content":"No passado dia 29 de Maio a SMIITY esteve presente no F\u00f3rum 'Administra\u00e7\u00e3o Eletr\u00f3nica e Simplifica\u00e7\u00e3o de Procedimentos' onde apresentou a sua solu\u00e7\u00e3o no \u00e2mbito dos 'Territ\u00f3rios Rurais Digitais e Interativos'.\r\n\r\nO Sabugal \u00e9 um dos destinos SMIITY que tira partido desta solu\u00e7\u00e3o para as cidades inteligentes. Este f\u00f3rum foi mais uma forma de demonstrarmos o trabalho que temos desenvolvido neste \u00e2mbito e que o interior n\u00e3o tem sido esquecido.\r\n\r\nA \u2018Comunidade Rural Digital\u2019\u00a0\u00e9 um projeto de colabora\u00e7\u00e3o entre as administra\u00e7\u00f5es p\u00fablicas de Portugal e Espanha, aprovado no Programa de Coopera\u00e7\u00e3o Transfronteiri\u00e7o Interreg V-A (Espanha\u2013Portugal) 2014-2020 (POCTEP) com cofinanciamento atrav\u00e9s de fundos FEDER. Este visa constituir uma\u00a0Rede Rural Digital, ao estabelecer uma rede cont\u00ednua de inova\u00e7\u00e3o entre as entidades transfronteiri\u00e7as locais, desenvolvendo uma plataforma de solu\u00e7\u00f5es tecnol\u00f3gicas abertas para a moderniza\u00e7\u00e3o da administra\u00e7\u00e3o local e implementando servi\u00e7os p\u00fablicos digitais de cidades ou territ\u00f3rios inteligentes\u00a0(Smart City\/Smart Territory).\r\n\r\nO projeto engloba um conjunto de a\u00e7\u00f5es de forma\u00e7\u00e3o em inova\u00e7\u00e3o e uso de TIC direcionado aos cidad\u00e3os, empresas, funcion\u00e1rios p\u00fablicos e t\u00e9cnicos TIC das administra\u00e7\u00f5es p\u00fablicas locais.\r\n\r\nIntegram a \u2018Comunidade Rural Digital\u2019 as C\u00e2maras Municipais do Sabugal e de Almeida, por parte de Portugal, e a Consejer\u00eda de Fomento y Medio Ambiente da Junta de Castilla y Le\u00f3n, Organismo Aut\u00f3nomo de Recaudaci\u00f3n y Gesti\u00f3n Tributaria de la Diputaci\u00f3n de Salamanca (REGTSA) e a Diputaci\u00f3n Provincial de Valladolid, por parte de Espanha.\r\n\r\nObrigado ao\u00a0Munic\u00edpio do Sabugal, ao nosso parceiro\u00a0Grupo Skillmind\u00a0e a todos os presentes.","_et_gb_content_width":"","inline_featured_image":false,"footnotes":""},"categories":[38,31],"tags":[],"class_list":["post-8489","post","type-post","status-publish","format-standard","has-post-thumbnail","hentry","category-mobinteg-pt","category-noticias"],"_links":{"self":[{"href":"https:\/\/mobinteg.com\/pt-pt\/wp-json\/wp\/v2\/posts\/8489","targetHints":{"allow":["GET"]}}],"collection":[{"href":"https:\/\/mobinteg.com\/pt-pt\/wp-json\/wp\/v2\/posts"}],"about":[{"href":"https:\/\/mobinteg.com\/pt-pt\/wp-json\/wp\/v2\/types\/post"}],"author":[{"embeddable":true,"href":"https:\/\/mobinteg.com\/pt-pt\/wp-json\/wp\/v2\/users\/1"}],"replies":[{"embeddable":true,"href":"https:\/\/mobinteg.com\/pt-pt\/wp-json\/wp\/v2\/comments?post=8489"}],"version-history":[{"count":4,"href":"https:\/\/mobinteg.com\/pt-pt\/wp-json\/wp\/v2\/posts\/8489\/revisions"}],"predecessor-version":[{"id":11071,"href":"https:\/\/mobinteg.com\/pt-pt\/wp-json\/wp\/v2\/posts\/8489\/revisions\/11071"}],"wp:featuredmedia":[{"embeddable":true,"href":"https:\/\/mobinteg.com\/pt-pt\/wp-json\/wp\/v2\/media\/8315"}],"wp:attachment":[{"href":"https:\/\/mobinteg.com\/pt-pt\/wp-json\/wp\/v2\/media?parent=8489"}],"wp:term":[{"taxonomy":"category","embeddable":true,"href":"https:\/\/mobinteg.com\/pt-pt\/wp-json\/wp\/v2\/categories?post=8489"},{"taxonomy":"post_tag","embeddable":true,"href":"https:\/\/mobinteg.com\/pt-pt\/wp-json\/wp\/v2\/tags?post=8489"}],"curies":[{"name":"wp","href":"https:\/\/api.w.org\/{rel}","templated":true}]}}